{"id":231,"date":"2021-01-23T15:18:35","date_gmt":"2021-01-23T14:18:35","guid":{"rendered":"http:\/\/ogrodtolas.pl\/?p=231"},"modified":"2021-01-23T15:36:24","modified_gmt":"2021-01-23T14:36:24","slug":"papryka-habanero","status":"publish","type":"post","link":"https:\/\/ogrodtolas.pl\/index.php\/2021\/01\/23\/papryka-habanero\/","title":{"rendered":"Papryka habanero"},"content":{"rendered":"\n<p>Bardziej przez przypadek sta\u0142em si\u0119 w\u0142a\u015bcicielem nasion papryki habanero. Podobno jednej z najostrzejszych papryk. Zamawia\u0142em jalapeno, kt\u00f3re jest o wiele mniej pikantne.<\/p>\n\n\n\n<figure class=\"wp-block-gallery columns-1 is-cropped wp-block-gallery-1 is-layout-flex wp-block-gallery-is-layout-flex\"><ul class=\"blocks-gallery-grid\"><li class=\"blocks-gallery-item\"><figure><img loading=\"lazy\" decoding=\"async\" width=\"1024\" height=\"684\" src=\"https:\/\/ogrodtolas.pl\/wp-content\/uploads\/2021\/01\/Habanero-1024x684.jpg\" alt=\"\" data-id=\"233\" data-full-url=\"https:\/\/ogrodtolas.pl\/wp-content\/uploads\/2021\/01\/Habanero.jpg\" data-link=\"https:\/\/ogrodtolas.pl\/index.php\/2021\/01\/23\/papryka-habanero\/habanero\/\" class=\"wp-image-233\" srcset=\"https:\/\/ogrodtolas.pl\/wp-content\/uploads\/2021\/01\/Habanero-1024x684.jpg 1024w, https:\/\/ogrodtolas.pl\/wp-content\/uploads\/2021\/01\/Habanero-300x201.jpg 300w, https:\/\/ogrodtolas.pl\/wp-content\/uploads\/2021\/01\/Habanero-768x513.jpg 768w, https:\/\/ogrodtolas.pl\/wp-content\/uploads\/2021\/01\/Habanero-1536x1027.jpg 1536w, https:\/\/ogrodtolas.pl\/wp-content\/uploads\/2021\/01\/Habanero.jpg 1580w\" sizes=\"auto, (max-width: 1024px) 100vw, 1024px\" \/><figcaption class=\"blocks-gallery-item__caption\"><a href=\"https:\/\/pl.wikipedia.org\/wiki\/Papryka_habanero#\/media\/Plik:Habanero.jpg\" target=\"_blank\" rel=\"noreferrer noopener\">https:\/\/pl.wikipedia.org\/wiki\/Papryka_habanero#\/media\/Plik:Habanero.jpg<\/a><\/figcaption><\/figure><\/li><\/ul><figcaption class=\"blocks-gallery-caption\">Zdj\u0119cie z wikipedii<\/figcaption><\/figure>\n\n\n\n<p>Postanowi\u0142em jednak podj\u0105\u0107 wyzwanie wyhodowania tego diabelstwa \ud83d\ude42<\/p>\n\n\n\n<p>Wikipedia podaje ostro\u015b\u0107 wed\u0142ug skali Scoville&#8217;a<\/p>\n\n\n\n<p>Habanero &#8211;  300 000 &#8211; podobnie jest to napisane na opakowaniu<\/p>\n\n\n\n<p>Jalapeno &#8211; do 8000 &#8211; wi\u0119c niepor\u00f3wnywalnie mniej.<\/p>\n\n\n\n<p>Oczywi\u015bcie jest wiele innych gatunk\u00f3w ostrzejszych wychodowanych w ostatnich latach.<\/p>\n\n\n\n<p>Nie mam do\u015bwiadczenia w uprawie papryki, z powodzeniem natomiast udawa\u0142o mi sie wyhodowa\u0107 pomidory. <\/p>\n\n\n\n<p>Zgodnie z opisem nale\u017cy zasia\u0107 ju\u017c w lutym nasiona do inspektu.<\/p>\n\n\n\n<figure class=\"wp-block-table\"><table><tbody><tr><\/tr><tr><td>Ro\u015blina<\/td><td>Odmiana<\/td><td>Wysiew<\/td><td>Sadzenie<\/td><td>Zbi\u00f3r<\/td><td>Inne<\/td><\/tr><tr><td>Papryka ostra<\/td><td>Habanero red<\/td><td>luty \u2013 marzec<\/td><td>maj \u2013 czerwiec<\/td><td>wrzesie\u0144 -pa\u017adziernik<\/td><\/tr><\/tbody><\/table><\/figure>\n\n\n\n<p>Czasu jest niewiele, musze jeszcze zakupi\u0107 tunel foliowy, a jestem ci\u0105gle na etapie wybierania odpowiedniego.<\/p>\n\n\n\n<p> Je\u015bli chodzi o umiejscowienie to podobnie jak pomidory musi by\u0107 s\u0142oneczne i ciep\u0142e. Postaram si\u0119 je umiejscowi\u0107 w skrajnym miejscu oraz odpowiednio oznaczy\u0107. Z tego co kiedy\u015b wyczyta\u0142em nie powinno si\u0119 takich papryczek dotyka\u0107 go\u0142ymi r\u0119kami. W to jestem w stanie uwierzy\u0107, nawet kupuj\u0105c mniej ostre papryczki chili w sklepie przytrafi\u0142o mi si\u0119 zatrze\u0107 oko po dotkni\u0119ciu warzywa. Zdecydowanie nie polecam.<\/p>\n\n\n\n<p><\/p>\n\n\n\n<p>Ma\u0142a ciekawostka dla tych co nie wiedz\u0105, Kapsaicyna &#8211; sk\u0142adnik, kt\u00f3ry odpowiada za ostry smak papryki jest powszechnie u\u017cywany w gazach pieprzowych.<\/p>\n\n\n\n<p><\/p>\n\n\n\n<p>Wpis mo\u017cna te\u017c znale\u017a\u0107 w sekcji <a href=\"https:\/\/ogrodtolas.pl\/index.php\/warzywa\/\">warzywa<\/a><\/p>\n","protected":false},"excerpt":{"rendered":"<p>Bardziej przez przypadek sta\u0142em si\u0119 w\u0142a\u015bcicielem nasion papryki habanero. Podobno jednej z najostrzejszych papryk. Zamawia\u0142em jalapeno, kt\u00f3re jest o wiele mniej pikantne. Postanowi\u0142em jednak podj\u0105\u0107 wyzwanie wyhodowania tego diabelstwa \ud83d\ude42 Wikipedia podaje ostro\u015b\u0107 wed\u0142ug&#46;&#46;&#46;<\/p>\n","protected":false},"author":1,"featured_media":0,"comment_status":"open","ping_status":"open","sticky":false,"template":"","format":"standard","meta":{"footnotes":""},"categories":[9],"tags":[12],"class_list":["post-231","post","type-post","status-publish","format-standard","hentry","category-blog","tag-warzywa"],"_links":{"self":[{"href":"https:\/\/ogrodtolas.pl\/index.php\/wp-json\/wp\/v2\/posts\/231","targetHints":{"allow":["GET"]}}],"collection":[{"href":"https:\/\/ogrodtolas.pl\/index.php\/wp-json\/wp\/v2\/posts"}],"about":[{"href":"https:\/\/ogrodtolas.pl\/index.php\/wp-json\/wp\/v2\/types\/post"}],"author":[{"embeddable":true,"href":"https:\/\/ogrodtolas.pl\/index.php\/wp-json\/wp\/v2\/users\/1"}],"replies":[{"embeddable":true,"href":"https:\/\/ogrodtolas.pl\/index.php\/wp-json\/wp\/v2\/comments?post=231"}],"version-history":[{"count":7,"href":"https:\/\/ogrodtolas.pl\/index.php\/wp-json\/wp\/v2\/posts\/231\/revisions"}],"predecessor-version":[{"id":244,"href":"https:\/\/ogrodtolas.pl\/index.php\/wp-json\/wp\/v2\/posts\/231\/revisions\/244"}],"wp:attachment":[{"href":"https:\/\/ogrodtolas.pl\/index.php\/wp-json\/wp\/v2\/media?parent=231"}],"wp:term":[{"taxonomy":"category","embeddable":true,"href":"https:\/\/ogrodtolas.pl\/index.php\/wp-json\/wp\/v2\/categories?post=231"},{"taxonomy":"post_tag","embeddable":true,"href":"https:\/\/ogrodtolas.pl\/index.php\/wp-json\/wp\/v2\/tags?post=231"}],"curies":[{"name":"wp","href":"https:\/\/api.w.org\/{rel}","templated":true}]}}