{"id":250,"date":"2021-01-30T10:37:30","date_gmt":"2021-01-30T09:37:30","guid":{"rendered":"http:\/\/ogrodtolas.pl\/?p=250"},"modified":"2021-01-30T10:50:05","modified_gmt":"2021-01-30T09:50:05","slug":"moj-ogrodek-w-kosmosie","status":"publish","type":"post","link":"https:\/\/ogrodtolas.pl\/index.php\/2021\/01\/30\/moj-ogrodek-w-kosmosie\/","title":{"rendered":"M\u00f3j ogr\u00f3dek w kosmosie."},"content":{"rendered":"\n<figure class=\"wp-block-image size-large\"><a href=\"https:\/\/commons.wikimedia.org\/wiki\/File:Wiki_bio2_sunset_001.jpg\"><img loading=\"lazy\" decoding=\"async\" width=\"700\" height=\"467\" src=\"https:\/\/ogrodtolas.pl\/wp-content\/uploads\/2021\/01\/Wiki_bio2_sunset_001.jpg\" alt=\"\" class=\"wp-image-251\" srcset=\"https:\/\/ogrodtolas.pl\/wp-content\/uploads\/2021\/01\/Wiki_bio2_sunset_001.jpg 700w, https:\/\/ogrodtolas.pl\/wp-content\/uploads\/2021\/01\/Wiki_bio2_sunset_001-300x200.jpg 300w\" sizes=\"auto, (max-width: 700px) 100vw, 700px\" \/><\/a><figcaption>Photograph by John de Dios &#8211; \u017cr\u00f3d\u0142o wikipedia<\/figcaption><\/figure>\n\n\n\n<p>Wybieraj\u0105c ro\u015bliny, planuj\u0105c, i czekaj\u0105c na koniec zimy mamy troch\u0119 czasu na refleksje i rozwa\u017cania teoretyczne.<\/p>\n\n\n\n<p>Szukaj\u0105c odpowiedniego tunelu foliowego przypomnia\u0142em sobie o pewnym ambitnym i nieco szalonym projekcie o nazwie Biosfera 2.<\/p>\n\n\n\n<p>Nazwa ta nie jest wcale przypadkowa, Biosfera 1 wed\u0142ug tw\u00f3rc\u00f3w to jest nasz \u015bwiat, ziemia, kt\u00f3ra nas otacza i karmi. Celem eksperymentu by\u0142o stworzenie Biosfery 2 czyli ca\u0142kowicie odizolowanego od \u015bwiata, niezale\u017cnego i samowystarczalnego systemu.<\/p>\n\n\n\n<p>Polecieli\u015bmy w kosmos, ale je\u015bli chcemy tam \u017cy\u0107, musimy sprawdzi\u0107 w jaki spos\u00f3b to zrobi\u0107.<\/p>\n\n\n\n<p>Na pustyni w Arizonie w USA w latach 1987\u20131989 powsta\u0142a kosztem 200 mln dolar\u00f3w ogromna, zamkni\u0119ta struktura maj\u0105ca pomie\u015bci\u0107 oko\u0142o 4000 gatunk\u00f3w ro\u015blin i zwierz\u0105t oraz 8 ludzi na okres oko\u0142o 2 lat. Stworzono zamkni\u0119ty ekosystem udaj\u0105cy r\u00f3\u017cne strefy klimatyczne, takie jak las tropikalny, pustynia, sawanna a nawet s\u0142ony ocean z raf\u0105 koralow\u0105.<\/p>\n\n\n\n<p>Eksperyment rozpocz\u0105\u0142 si\u0119 w 1991, zosta\u0142 nag\u0142o\u015bniony i \u015bledzony bacznie przez media, okaza\u0142 si\u0119 nie niestety w du\u017cej mierze pora\u017ck\u0105. Pomijaj\u0105c problemy zwi\u0105zane z zamkni\u0119ciem ludzi w izolowanym \u015brodowisku, najwi\u0119cej k\u0142opot\u00f3w sprawi\u0142o utrzymanie r\u00f3wnowagi biologicznej i chemicznej. Zawarto\u015b\u0107 tlenu spad\u0142a w czasie badania z 20 % do prawie 14% co jest warto\u015bci\u0105 krytyczn\u0105 dla zdrowia i \u017cycia cz\u0142owieka.<\/p>\n\n\n\n<p>Powodem takiego obrotu sprawy okaza\u0142y si\u0119 by\u0107 mikroorganizmy w glebie, kt\u00f3re poch\u0142ania\u0142y tlen, namno\u017cy\u0142y si\u0119 ponad miar\u0119 produkuj\u0105c przy tym znaczne ilo\u015bci dwutlenku w\u0119gla, kt\u00f3ry z kolei wszed\u0142 w reakcje z ods\u0142oni\u0119tymi elementami betonowymi konstrukcji. CO2 zamiast zosta\u0107 wykorzystane przez ro\u015bliny aby produkowa\u0142y tlen, reagowa\u0142o z w\u0119glanem wapnia zawartym w \u015bcianach i fundamentach budynku.<\/p>\n\n\n\n<p>Wed\u0142ug jednego ze \u017ar\u00f3de\u0142, przyczyn\u0105 zbytniego rozwoju tych mikroorganizm\u00f3w by\u0142o nadmierne nawo\u017cenie upraw. Kolejnym problemem by\u0142y szkodniki, kt\u00f3re powodowa\u0142y znaczny spadek produkcji \u017cywno\u015bci.<\/p>\n\n\n\n<p>Na tym przyk\u0142adzie chcia\u0142em pokaza\u0107 jak krucha jest r\u00f3wnowaga w ekosystemie. Ka\u017cdy, nawet najmniejszy element, pozornie bez znaczenia ma wp\u0142yw na to co dziej\u0119 si\u0119 w naszych uprawach. My natomiast chcieliby\u015bmy utworzy\u0107 trwa\u0142y system, kt\u00f3ry reguluje si\u0119 samoistnie.<\/p>\n\n\n\n<p>W naszym ogrodzie nie grozi nam co prawda uduszenie z powodu braku tlenu ale wszystkie elementy musz\u0105 mie\u0107 swoje miejsce. Mikroorganizmy, owady, w tym szkodniki ale i ich naturalni wrogowie, ptaki, gryzonie, ro\u015bliny przyci\u0105gaj\u0105ce pszczo\u0142y, to tylko niekt\u00f3re z cz\u0119\u015bci sk\u0142adaj\u0105ce si\u0119 na \u017cycie w naszym otoczeniu, kt\u00f3ry chcemy stworzy\u0107 i rozwija\u0107.<\/p>\n\n\n\n<p>W Biosferze 2 znajdowa\u0142o si\u0119 tysi\u0105ce element\u00f3w, a jednak nie uda\u0142o si\u0119 zachowa\u0107 r\u00f3wnowagi. Nie do mnie nale\u017cy dok\u0142adna analiza tego co si\u0119 sta\u0142o, projekt tworzy\u0142o wielu ludzi, a jednak nie przewidzieli wszystkich zale\u017cno\u015bci w \u015bwiecie przyrody. Mo\u017ce zabrak\u0142o tylko jednego albo dw\u00f3ch element\u00f3w aby eksperyment zako\u0144czy\u0142 si\u0119 sukcesem. Badania ci\u0105gle trwaj\u0105 troch\u0119 w innej formie w tym samym budynku i s\u0105 prowadzone przez uniwersytet w Arizonie.<\/p>\n\n\n\n<p>Puszczaj\u0105c dalej wodz\u0119 fantazji, tego typu biosfery moim zdaniem stan\u0105 si\u0119 w dalekiej przysz\u0142o\u015bci elementem podboju kosmosu. Nale\u017cy podkre\u015bli\u0107 te\u017c, \u017ce Biosfera 2 to jeden z wielu tego typu eksperyment\u00f3w. Aby cz\u0142owiek m\u00f3g\u0142 \u017cy\u0107 na Marsie niezale\u017cnie od pomocy z zewn\u0105trz, musi zabra\u0107 ze sob\u0105 sw\u00f3j ekosystem. Ten ekosystem musi by\u0107 stabilny, nie ma mowy o pomy\u0142kach, lata ewolucji naszego \u015bwiata stworzy\u0142y nasze otoczenie z kt\u00f3rego powinni\u015bmy korzysta\u0107 w spos\u00f3b \u015bwiadomy i odpowiedzialny. Uprawiaj\u0105c ro\u015bliny w spos\u00f3b tradycyjny z nawozami sztucznymi i pestycydami, niszczymy niezb\u0119dne elementy naszej biosfery.<\/p>\n\n\n\n<p>Musimy pog\u0142\u0119bia\u0107 nasz\u0105 wiedz\u0119 jak to wszystko po\u0142\u0105czy\u0107 w jeden organizm, nie powinni\u015bmy poprawia\u0107 natury ale j\u0105 na\u015bladowa\u0107.<\/p>\n\n\n\n<p>Zr\u00f3d\u0142a:<\/p>\n\n\n\n<p><a href=\"http:\/\/chapters.marssociety.org\/polska\/biosfery.html\">http:\/\/chapters.marssociety.org\/polska\/biosfery.html<\/a><\/p>\n\n\n\n<p><a href=\"https:\/\/pl.wikipedia.org\/wiki\/Biosfera_2\">https:\/\/pl.wikipedia.org\/wiki\/Biosfera_2<\/a><\/p>\n\n\n\n<p><a href=\"https:\/\/biosphere2.org\/\">https:\/\/biosphere2.org\/<\/a><\/p>\n","protected":false},"excerpt":{"rendered":"<p>Wybieraj\u0105c ro\u015bliny, planuj\u0105c, i czekaj\u0105c na koniec zimy mamy troch\u0119 czasu na refleksje i rozwa\u017cania teoretyczne. Szukaj\u0105c odpowiedniego tunelu foliowego przypomnia\u0142em sobie o pewnym ambitnym i nieco szalonym projekcie o nazwie Biosfera 2. Nazwa&#46;&#46;&#46;<\/p>\n","protected":false},"author":1,"featured_media":0,"comment_status":"open","ping_status":"open","sticky":false,"template":"","format":"standard","meta":{"footnotes":""},"categories":[9],"tags":[14,13,15],"class_list":["post-250","post","type-post","status-publish","format-standard","hentry","category-blog","tag-biosfera-2","tag-kosmos","tag-permakultura"],"_links":{"self":[{"href":"https:\/\/ogrodtolas.pl\/index.php\/wp-json\/wp\/v2\/posts\/250","targetHints":{"allow":["GET"]}}],"collection":[{"href":"https:\/\/ogrodtolas.pl\/index.php\/wp-json\/wp\/v2\/posts"}],"about":[{"href":"https:\/\/ogrodtolas.pl\/index.php\/wp-json\/wp\/v2\/types\/post"}],"author":[{"embeddable":true,"href":"https:\/\/ogrodtolas.pl\/index.php\/wp-json\/wp\/v2\/users\/1"}],"replies":[{"embeddable":true,"href":"https:\/\/ogrodtolas.pl\/index.php\/wp-json\/wp\/v2\/comments?post=250"}],"version-history":[{"count":3,"href":"https:\/\/ogrodtolas.pl\/index.php\/wp-json\/wp\/v2\/posts\/250\/revisions"}],"predecessor-version":[{"id":256,"href":"https:\/\/ogrodtolas.pl\/index.php\/wp-json\/wp\/v2\/posts\/250\/revisions\/256"}],"wp:attachment":[{"href":"https:\/\/ogrodtolas.pl\/index.php\/wp-json\/wp\/v2\/media?parent=250"}],"wp:term":[{"taxonomy":"category","embeddable":true,"href":"https:\/\/ogrodtolas.pl\/index.php\/wp-json\/wp\/v2\/categories?post=250"},{"taxonomy":"post_tag","embeddable":true,"href":"https:\/\/ogrodtolas.pl\/index.php\/wp-json\/wp\/v2\/tags?post=250"}],"curies":[{"name":"wp","href":"https:\/\/api.w.org\/{rel}","templated":true}]}}