{"id":258,"date":"2021-02-14T20:17:52","date_gmt":"2021-02-14T19:17:52","guid":{"rendered":"http:\/\/ogrodtolas.pl\/?p=258"},"modified":"2021-02-14T20:55:12","modified_gmt":"2021-02-14T19:55:12","slug":"rozsada","status":"publish","type":"post","link":"https:\/\/ogrodtolas.pl\/index.php\/2021\/02\/14\/rozsada\/","title":{"rendered":"Rozsada"},"content":{"rendered":"\n<p>Przyszed\u0142 czas na przygotowanie rozsady, na pierwszy ogie\u0144 postanowi\u0142em da\u0107 : pomidor, papryk\u0119 ostr\u0105 i s\u0142odk\u0105 oraz sa\u0142at\u0119.<\/p>\n\n\n\n<p>Najlepsze wed\u0142ug mnie do tego celu s\u0105 mini szklarnie, swoje kupi\u0142em w jednym z dyskont\u00f3w za niewielkie pieni\u0105dze. S\u0142u\u017c\u0105 mi ju\u017c cztery lata.<\/p>\n\n\n\n<figure class=\"wp-block-gallery columns-1 is-cropped wp-block-gallery-1 is-layout-flex wp-block-gallery-is-layout-flex\"><ul class=\"blocks-gallery-grid\"><li class=\"blocks-gallery-item\"><figure><img loading=\"lazy\" decoding=\"async\" width=\"1024\" height=\"576\" src=\"https:\/\/ogrodtolas.pl\/wp-content\/uploads\/2021\/02\/20210208_105505-1024x576.jpg\" alt=\"\" data-id=\"259\" data-full-url=\"https:\/\/ogrodtolas.pl\/wp-content\/uploads\/2021\/02\/20210208_105505-scaled.jpg\" data-link=\"https:\/\/ogrodtolas.pl\/?attachment_id=259\" class=\"wp-image-259\" srcset=\"https:\/\/ogrodtolas.pl\/wp-content\/uploads\/2021\/02\/20210208_105505-1024x576.jpg 1024w, https:\/\/ogrodtolas.pl\/wp-content\/uploads\/2021\/02\/20210208_105505-300x169.jpg 300w, https:\/\/ogrodtolas.pl\/wp-content\/uploads\/2021\/02\/20210208_105505-768x432.jpg 768w, https:\/\/ogrodtolas.pl\/wp-content\/uploads\/2021\/02\/20210208_105505-1536x864.jpg 1536w, https:\/\/ogrodtolas.pl\/wp-content\/uploads\/2021\/02\/20210208_105505-2048x1152.jpg 2048w\" sizes=\"auto, (max-width: 1024px) 100vw, 1024px\" \/><\/figure><\/li><\/ul><\/figure>\n\n\n\n<p>Jak wida\u0107 posiadaj\u0105 \u015blady zu\u017cycia ale spe\u0142niaj\u0105 swoj\u0105 funkcj\u0119 doskonale.<\/p>\n\n\n\n<p>Do rozsady u\u017cywam specjalnej ziemi do siania, pierwszy raz kupi\u0142em taka, wcze\u015bniej korzysta\u0142em z najta\u0144szej ziemi uniwersalnej. Jest to mieszanka torfu odkwaszonego i piasku. Jak wiadomo torf nie jest typowo ekologiczny a raczej nie powinni\u015bmy go nadmiernie u\u017cywa\u0107 ze wzgl\u0119du na to, \u017ce jest to pod\u0142o\u017ce nieodnawialne i przyczynia si\u0119 do wyniszczania naturalnych torfowisk tworzonych przez naprawd\u0119 d\u0142ugi czas. Mam nadziej\u0119, \u017ce z czasem uniezale\u017cni\u0119 si\u0119 od zakup\u00f3w ale to te\u017c musi zaj\u0105c mi odpowiednio du\u017co czasu aby stworzy\u0107 wystarczaj\u0105c\u0105 ilo\u015b\u0107 potrzebnej gleby.<\/p>\n\n\n\n<figure class=\"wp-block-gallery columns-1 is-cropped wp-block-gallery-2 is-layout-flex wp-block-gallery-is-layout-flex\"><ul class=\"blocks-gallery-grid\"><li class=\"blocks-gallery-item\"><figure><img loading=\"lazy\" decoding=\"async\" width=\"1024\" height=\"576\" src=\"https:\/\/ogrodtolas.pl\/wp-content\/uploads\/2021\/02\/20210208_110125-1024x576.jpg\" alt=\"\" data-id=\"264\" data-full-url=\"https:\/\/ogrodtolas.pl\/wp-content\/uploads\/2021\/02\/20210208_110125-scaled.jpg\" data-link=\"https:\/\/ogrodtolas.pl\/index.php\/2021\/02\/14\/rozsada\/20210208_110125\/\" class=\"wp-image-264\" srcset=\"https:\/\/ogrodtolas.pl\/wp-content\/uploads\/2021\/02\/20210208_110125-1024x576.jpg 1024w, https:\/\/ogrodtolas.pl\/wp-content\/uploads\/2021\/02\/20210208_110125-300x169.jpg 300w, https:\/\/ogrodtolas.pl\/wp-content\/uploads\/2021\/02\/20210208_110125-768x432.jpg 768w, https:\/\/ogrodtolas.pl\/wp-content\/uploads\/2021\/02\/20210208_110125-1536x864.jpg 1536w, https:\/\/ogrodtolas.pl\/wp-content\/uploads\/2021\/02\/20210208_110125-2048x1152.jpg 2048w\" sizes=\"auto, (max-width: 1024px) 100vw, 1024px\" \/><\/figure><\/li><\/ul><\/figure>\n\n\n\n<p>Dodatkowo mieszam to wszystko z naturalnym nawozem posiadaj\u0105cym \u017cywe kultury bakterii glebowych. Pierwsze testy tego preparatu robi\u0142em ju\u017c w zesz\u0142ym roku. Nie zdradz\u0119 tutaj producenta, chyba \u017ce kto\u015b poprosi ale moja rozsada dzi\u0119ki temu rozwija si\u0119 bardzo dobrze. Pomaga te\u017c si\u0119 pozby\u0107 problem\u00f3w z ple\u015bniej\u0105ca ziemi\u0105. Producent bardzo zachwala sw\u00f3j produkt, twierdz\u0105c, \u017ce jest on lekarstwem na wszelkie z\u0142o tego \u015bwiata jak mszyce czy inne szkodniki a nawet na grzyb na \u015bcianach w piwnicy. Co do przydatno\u015bci podczas dalszego wzrostu i uprawy ro\u015blin nie stwierdzi\u0142em spektakularnych zmian na plus ani na minus.  B\u0119d\u0119 musia\u0142 dalej testowa\u0107 z r\u00f3\u017cnymi dawkami preparatu.  <\/p>\n\n\n\n<figure class=\"wp-block-gallery columns-1 is-cropped wp-block-gallery-3 is-layout-flex wp-block-gallery-is-layout-flex\"><ul class=\"blocks-gallery-grid\"><li class=\"blocks-gallery-item\"><figure><img loading=\"lazy\" decoding=\"async\" width=\"576\" height=\"1024\" src=\"https:\/\/ogrodtolas.pl\/wp-content\/uploads\/2021\/02\/20210208_111419-576x1024.jpg\" alt=\"\" data-id=\"266\" data-full-url=\"https:\/\/ogrodtolas.pl\/wp-content\/uploads\/2021\/02\/20210208_111419-scaled.jpg\" data-link=\"https:\/\/ogrodtolas.pl\/index.php\/2021\/02\/14\/rozsada\/20210208_111419\/\" class=\"wp-image-266\" srcset=\"https:\/\/ogrodtolas.pl\/wp-content\/uploads\/2021\/02\/20210208_111419-576x1024.jpg 576w, https:\/\/ogrodtolas.pl\/wp-content\/uploads\/2021\/02\/20210208_111419-169x300.jpg 169w, https:\/\/ogrodtolas.pl\/wp-content\/uploads\/2021\/02\/20210208_111419-768x1365.jpg 768w, https:\/\/ogrodtolas.pl\/wp-content\/uploads\/2021\/02\/20210208_111419-864x1536.jpg 864w, https:\/\/ogrodtolas.pl\/wp-content\/uploads\/2021\/02\/20210208_111419-1152x2048.jpg 1152w, https:\/\/ogrodtolas.pl\/wp-content\/uploads\/2021\/02\/20210208_111419-scaled.jpg 1440w\" sizes=\"auto, (max-width: 576px) 100vw, 576px\" \/><\/figure><\/li><\/ul><\/figure>\n\n\n\n<p> Zbli\u017cenie na sa\u0142at\u0119, mo\u017ce troch\u0119 za wcze\u015bnie na ni\u0105 ale jestem od tego, \u017ceby eksperymentowa\u0107. Nie  bawi\u0142em si\u0119 jako\u015b specjalnie w r\u00f3wnomierne rozsypanie, z tego wzgl\u0119du, \u017ce i tak b\u0119dzie to wszystko pikowane, czyli jak podro\u015bnie przesadz\u0119 j\u0105 dalej do osobnych pojemnik\u00f3w. <\/p>\n\n\n\n<figure class=\"wp-block-gallery columns-1 is-cropped wp-block-gallery-4 is-layout-flex wp-block-gallery-is-layout-flex\"><ul class=\"blocks-gallery-grid\"><li class=\"blocks-gallery-item\"><figure><img loading=\"lazy\" decoding=\"async\" width=\"1024\" height=\"576\" src=\"https:\/\/ogrodtolas.pl\/wp-content\/uploads\/2021\/02\/20210208_112827-1-1024x576.jpg\" alt=\"\" data-id=\"278\" data-full-url=\"https:\/\/ogrodtolas.pl\/wp-content\/uploads\/2021\/02\/20210208_112827-1-scaled.jpg\" data-link=\"https:\/\/ogrodtolas.pl\/index.php\/2021\/02\/14\/rozsada\/20210208_112827-1\/\" class=\"wp-image-278\" srcset=\"https:\/\/ogrodtolas.pl\/wp-content\/uploads\/2021\/02\/20210208_112827-1-1024x576.jpg 1024w, https:\/\/ogrodtolas.pl\/wp-content\/uploads\/2021\/02\/20210208_112827-1-300x169.jpg 300w, https:\/\/ogrodtolas.pl\/wp-content\/uploads\/2021\/02\/20210208_112827-1-768x432.jpg 768w, https:\/\/ogrodtolas.pl\/wp-content\/uploads\/2021\/02\/20210208_112827-1-1536x864.jpg 1536w, https:\/\/ogrodtolas.pl\/wp-content\/uploads\/2021\/02\/20210208_112827-1-2048x1152.jpg 2048w\" sizes=\"auto, (max-width: 1024px) 100vw, 1024px\" \/><\/figure><\/li><\/ul><\/figure>\n\n\n\n<p>Na sam koniec wszystko delikatnie przysypujemy ziemi\u0105, a potem obficie dolewamy wody. Wysz\u0142o mi oko\u0142o 1,5 litra na ka\u017cdy pojemnik. Wlewa\u0142em delikatnie do zielonych podstawek tak aby nie rozla\u0107 nasionek po ca\u0142o\u015bci. Przez dziurki w czarnych wielodoniczkach wszystko \u0142adnie nasi\u0105k\u0142o wod\u0105.<\/p>\n\n\n\n<figure class=\"wp-block-gallery columns-1 is-cropped wp-block-gallery-5 is-layout-flex wp-block-gallery-is-layout-flex\"><ul class=\"blocks-gallery-grid\"><li class=\"blocks-gallery-item\"><figure><img loading=\"lazy\" decoding=\"async\" width=\"576\" height=\"1024\" src=\"https:\/\/ogrodtolas.pl\/wp-content\/uploads\/2021\/02\/20210208_113412-576x1024.jpg\" alt=\"\" data-id=\"280\" data-full-url=\"https:\/\/ogrodtolas.pl\/wp-content\/uploads\/2021\/02\/20210208_113412-scaled.jpg\" data-link=\"https:\/\/ogrodtolas.pl\/index.php\/2021\/02\/14\/rozsada\/20210208_113412\/\" class=\"wp-image-280\" srcset=\"https:\/\/ogrodtolas.pl\/wp-content\/uploads\/2021\/02\/20210208_113412-576x1024.jpg 576w, https:\/\/ogrodtolas.pl\/wp-content\/uploads\/2021\/02\/20210208_113412-169x300.jpg 169w, https:\/\/ogrodtolas.pl\/wp-content\/uploads\/2021\/02\/20210208_113412-768x1365.jpg 768w, https:\/\/ogrodtolas.pl\/wp-content\/uploads\/2021\/02\/20210208_113412-864x1536.jpg 864w, https:\/\/ogrodtolas.pl\/wp-content\/uploads\/2021\/02\/20210208_113412-1152x2048.jpg 1152w, https:\/\/ogrodtolas.pl\/wp-content\/uploads\/2021\/02\/20210208_113412-scaled.jpg 1440w\" sizes=\"auto, (max-width: 576px) 100vw, 576px\" \/><\/figure><\/li><\/ul><\/figure>\n\n\n\n<p>Na sam koniec przykrywamy wszystko plastikow\u0105 os\u0142onk\u0105 i &#8230;. czekamy. Pocz\u0105tkowo chcia\u0142em wszystko da\u0107 do widnej piwnicy ale prognoza pogody zniech\u0119ci\u0142a mnie do tego. Pomidor i papryka potrzebuj\u0105 oko\u0142o 20 stopni Celsjusza aby dobrze wykie\u0142kowa\u0107. Wszystko wyl\u0105dowa\u0142o na parapetach w domu.<\/p>\n\n\n\n<figure class=\"wp-block-gallery columns-1 is-cropped wp-block-gallery-6 is-layout-flex wp-block-gallery-is-layout-flex\"><ul class=\"blocks-gallery-grid\"><li class=\"blocks-gallery-item\"><figure><img loading=\"lazy\" decoding=\"async\" width=\"1024\" height=\"576\" src=\"https:\/\/ogrodtolas.pl\/wp-content\/uploads\/2021\/02\/20210214_151957-1024x576.jpg\" alt=\"\" data-id=\"283\" data-full-url=\"https:\/\/ogrodtolas.pl\/wp-content\/uploads\/2021\/02\/20210214_151957-scaled.jpg\" data-link=\"https:\/\/ogrodtolas.pl\/index.php\/2021\/02\/14\/rozsada\/20210214_151957\/\" class=\"wp-image-283\" srcset=\"https:\/\/ogrodtolas.pl\/wp-content\/uploads\/2021\/02\/20210214_151957-1024x576.jpg 1024w, https:\/\/ogrodtolas.pl\/wp-content\/uploads\/2021\/02\/20210214_151957-300x169.jpg 300w, https:\/\/ogrodtolas.pl\/wp-content\/uploads\/2021\/02\/20210214_151957-768x432.jpg 768w, https:\/\/ogrodtolas.pl\/wp-content\/uploads\/2021\/02\/20210214_151957-1536x864.jpg 1536w, https:\/\/ogrodtolas.pl\/wp-content\/uploads\/2021\/02\/20210214_151957-2048x1152.jpg 2048w\" sizes=\"auto, (max-width: 1024px) 100vw, 1024px\" \/><\/figure><\/li><\/ul><\/figure>\n\n\n\n<p>Jak wida\u0107 sa\u0142ata kie\u0142kuje znakomicie, zdj\u0119cie zrobione po 6 dniach. Natomiast pierwsze kie\u0142ki widzia\u0142em ju\u017c na drugi dzie\u0144.<\/p>\n\n\n\n<figure class=\"wp-block-gallery columns-1 is-cropped wp-block-gallery-7 is-layout-flex wp-block-gallery-is-layout-flex\"><ul class=\"blocks-gallery-grid\"><li class=\"blocks-gallery-item\"><figure><img loading=\"lazy\" decoding=\"async\" width=\"1024\" height=\"576\" src=\"https:\/\/ogrodtolas.pl\/wp-content\/uploads\/2021\/02\/20210214_152005-1024x576.jpg\" alt=\"\" data-id=\"285\" data-full-url=\"https:\/\/ogrodtolas.pl\/wp-content\/uploads\/2021\/02\/20210214_152005-scaled.jpg\" data-link=\"https:\/\/ogrodtolas.pl\/index.php\/2021\/02\/14\/rozsada\/20210214_152005\/\" class=\"wp-image-285\" srcset=\"https:\/\/ogrodtolas.pl\/wp-content\/uploads\/2021\/02\/20210214_152005-1024x576.jpg 1024w, https:\/\/ogrodtolas.pl\/wp-content\/uploads\/2021\/02\/20210214_152005-300x169.jpg 300w, https:\/\/ogrodtolas.pl\/wp-content\/uploads\/2021\/02\/20210214_152005-768x432.jpg 768w, https:\/\/ogrodtolas.pl\/wp-content\/uploads\/2021\/02\/20210214_152005-1536x864.jpg 1536w, https:\/\/ogrodtolas.pl\/wp-content\/uploads\/2021\/02\/20210214_152005-2048x1152.jpg 2048w\" sizes=\"auto, (max-width: 1024px) 100vw, 1024px\" \/><\/figure><\/li><\/ul><\/figure>\n\n\n\n<p>Tutaj mamy pomidora bawole serce, nie\u015bmia\u0142o wychylaj\u0105 si\u0119 na lutowe s\u0142oneczko. Papryka jak na razie jeszcze \u015bpi. Pojawi\u0105 si\u0119 jedynie nieznaczne wybrzuszenia w ziemi, wi\u0119c nadzieja jest, \u017ce co\u015b z tego b\u0119dzie, to moje pierwsze podej\u015bcie do tej ro\u015bliny, tym bardziej czekam z niecierpliwo\u015bci\u0105 na efekty&#8230; \ud83d\ude42<\/p>\n","protected":false},"excerpt":{"rendered":"<p>Przyszed\u0142 czas na przygotowanie rozsady, na pierwszy ogie\u0144 postanowi\u0142em da\u0107 : pomidor, papryk\u0119 ostr\u0105 i s\u0142odk\u0105 oraz sa\u0142at\u0119. Najlepsze wed\u0142ug mnie do tego celu s\u0105 mini szklarnie, swoje kupi\u0142em w jednym z dyskont\u00f3w za&#46;&#46;&#46;<\/p>\n","protected":false},"author":1,"featured_media":0,"comment_status":"open","ping_status":"open","sticky":false,"template":"","format":"standard","meta":{"footnotes":""},"categories":[9],"tags":[17,16,19,18],"class_list":["post-258","post","type-post","status-publish","format-standard","hentry","category-blog","tag-papryka","tag-pomidor","tag-rozsada","tag-salata"],"_links":{"self":[{"href":"https:\/\/ogrodtolas.pl\/index.php\/wp-json\/wp\/v2\/posts\/258","targetHints":{"allow":["GET"]}}],"collection":[{"href":"https:\/\/ogrodtolas.pl\/index.php\/wp-json\/wp\/v2\/posts"}],"about":[{"href":"https:\/\/ogrodtolas.pl\/index.php\/wp-json\/wp\/v2\/types\/post"}],"author":[{"embeddable":true,"href":"https:\/\/ogrodtolas.pl\/index.php\/wp-json\/wp\/v2\/users\/1"}],"replies":[{"embeddable":true,"href":"https:\/\/ogrodtolas.pl\/index.php\/wp-json\/wp\/v2\/comments?post=258"}],"version-history":[{"count":13,"href":"https:\/\/ogrodtolas.pl\/index.php\/wp-json\/wp\/v2\/posts\/258\/revisions"}],"predecessor-version":[{"id":292,"href":"https:\/\/ogrodtolas.pl\/index.php\/wp-json\/wp\/v2\/posts\/258\/revisions\/292"}],"wp:attachment":[{"href":"https:\/\/ogrodtolas.pl\/index.php\/wp-json\/wp\/v2\/media?parent=258"}],"wp:term":[{"taxonomy":"category","embeddable":true,"href":"https:\/\/ogrodtolas.pl\/index.php\/wp-json\/wp\/v2\/categories?post=258"},{"taxonomy":"post_tag","embeddable":true,"href":"https:\/\/ogrodtolas.pl\/index.php\/wp-json\/wp\/v2\/tags?post=258"}],"curies":[{"name":"wp","href":"https:\/\/api.w.org\/{rel}","templated":true}]}}