{"id":330,"date":"2021-03-08T17:12:44","date_gmt":"2021-03-08T16:12:44","guid":{"rendered":"http:\/\/ogrodtolas.pl\/?p=330"},"modified":"2021-03-08T17:36:59","modified_gmt":"2021-03-08T16:36:59","slug":"przerywanie-pomidora-i-salaty","status":"publish","type":"post","link":"https:\/\/ogrodtolas.pl\/index.php\/2021\/03\/08\/przerywanie-pomidora-i-salaty\/","title":{"rendered":"Przerywanie pomidora i sa\u0142aty"},"content":{"rendered":"\n<p>Cz\u0119stym problemem wielu ludzi, w tym moim, jest niecierpliwo\u015b\u0107. Niestety natury si\u0119 nie oszuka tak \u0142atwo. Ka\u017cda ro\u015blina ma sw\u00f3j cykl rozwojowy i kiedy si\u0119 go zaburzy, zaczynaj\u0105 si\u0119 problemy.<\/p>\n\n\n\n<figure class=\"wp-block-image size-large is-resized\"><img decoding=\"async\" src=\"https:\/\/ogrodtolas.pl\/wp-content\/uploads\/2021\/03\/20210228_152543-edited-scaled.jpg\" alt=\"\" class=\"wp-image-332\" width=\"428\" height=\"760.8888888888889\" srcset=\"https:\/\/ogrodtolas.pl\/wp-content\/uploads\/2021\/03\/20210228_152543-edited-scaled.jpg 1440w, https:\/\/ogrodtolas.pl\/wp-content\/uploads\/2021\/03\/20210228_152543-edited-169x300.jpg 169w, https:\/\/ogrodtolas.pl\/wp-content\/uploads\/2021\/03\/20210228_152543-edited-576x1024.jpg 576w, https:\/\/ogrodtolas.pl\/wp-content\/uploads\/2021\/03\/20210228_152543-edited-768x1365.jpg 768w, https:\/\/ogrodtolas.pl\/wp-content\/uploads\/2021\/03\/20210228_152543-edited-864x1536.jpg 864w, https:\/\/ogrodtolas.pl\/wp-content\/uploads\/2021\/03\/20210228_152543-edited-1152x2048.jpg 1152w\" sizes=\"(max-width: 1440px) 100vw, 1440px\" \/><\/figure>\n\n\n\n<p>Kiedy ro\u015blina taka jak pomidor wykie\u0142kuje za wcze\u015bnie, to znaczy kiedy dzie\u0144 jest jeszcze zbyt kr\u00f3tki, to zaczyna szuka\u0107 s\u0142o\u0144ca. Efektem jest nadmierne wyd\u0142u\u017cenie ro\u015bliny, a co za tym idzie ryzyko os\u0142abienia \u0142odygi. Niestety szkoda si\u0119 sta\u0142a, a nie zainwestowa\u0142em jeszcze w profesjonalny system do\u015bwietlania.<\/p>\n\n\n\n<p>Jak wida\u0107 na zdj\u0119ciu, czas na przerwanie naszej rozsady. Jednym s\u0142owem nale\u017cy przesadzi\u0107 wszystko do osobnych doniczek. Z mojej wiedzy wynika, \u017ce pomidor bardzo lubi ten zabieg, nie jest on zbyt skomplikowany, wymaga jedynie pobrudzenia sobie r\u0105k od ziemi \ud83d\ude42<\/p>\n\n\n\n<p>Delikatnie wyci\u0105gamy ro\u015bliny aby ich nie uszkodzi\u0107, je\u015bli przypadkowo urwiemy kawa\u0142ek korzenia, trudno, nie powinni\u015bmy si\u0119 tym a\u017c tak bardzo przejmowa\u0107, dajmy ro\u015blince szanse, z do\u015bwiadczenia wiem, \u017ce jest du\u017ca szansa, \u017ce taki uszkodzony egzemplarz si\u0119 przyjmie.<\/p>\n\n\n\n<figure class=\"wp-block-gallery columns-1 is-cropped wp-block-gallery-1 is-layout-flex wp-block-gallery-is-layout-flex\"><ul class=\"blocks-gallery-grid\"><li class=\"blocks-gallery-item\"><figure><img loading=\"lazy\" decoding=\"async\" width=\"1024\" height=\"576\" src=\"https:\/\/ogrodtolas.pl\/wp-content\/uploads\/2021\/03\/20210228_153852-1024x576.jpg\" alt=\"\" data-id=\"334\" data-full-url=\"https:\/\/ogrodtolas.pl\/wp-content\/uploads\/2021\/03\/20210228_153852-scaled.jpg\" data-link=\"https:\/\/ogrodtolas.pl\/?attachment_id=334\" class=\"wp-image-334\" srcset=\"https:\/\/ogrodtolas.pl\/wp-content\/uploads\/2021\/03\/20210228_153852-1024x576.jpg 1024w, https:\/\/ogrodtolas.pl\/wp-content\/uploads\/2021\/03\/20210228_153852-300x169.jpg 300w, https:\/\/ogrodtolas.pl\/wp-content\/uploads\/2021\/03\/20210228_153852-768x432.jpg 768w, https:\/\/ogrodtolas.pl\/wp-content\/uploads\/2021\/03\/20210228_153852-1536x864.jpg 1536w, https:\/\/ogrodtolas.pl\/wp-content\/uploads\/2021\/03\/20210228_153852-2048x1152.jpg 2048w\" sizes=\"auto, (max-width: 1024px) 100vw, 1024px\" \/><\/figure><\/li><\/ul><\/figure>\n\n\n\n<p>Efekt mo\u017ce nie powala&#8230;..<\/p>\n\n\n\n<figure class=\"wp-block-gallery columns-1 is-cropped wp-block-gallery-2 is-layout-flex wp-block-gallery-is-layout-flex\"><ul class=\"blocks-gallery-grid\"><li class=\"blocks-gallery-item\"><figure><img loading=\"lazy\" decoding=\"async\" width=\"1024\" height=\"576\" src=\"https:\/\/ogrodtolas.pl\/wp-content\/uploads\/2021\/03\/20210308_163101-1024x576.jpg\" alt=\"\" data-id=\"335\" data-full-url=\"https:\/\/ogrodtolas.pl\/wp-content\/uploads\/2021\/03\/20210308_163101-scaled.jpg\" data-link=\"https:\/\/ogrodtolas.pl\/?attachment_id=335\" class=\"wp-image-335\" srcset=\"https:\/\/ogrodtolas.pl\/wp-content\/uploads\/2021\/03\/20210308_163101-1024x576.jpg 1024w, https:\/\/ogrodtolas.pl\/wp-content\/uploads\/2021\/03\/20210308_163101-300x169.jpg 300w, https:\/\/ogrodtolas.pl\/wp-content\/uploads\/2021\/03\/20210308_163101-768x432.jpg 768w, https:\/\/ogrodtolas.pl\/wp-content\/uploads\/2021\/03\/20210308_163101-1536x864.jpg 1536w, https:\/\/ogrodtolas.pl\/wp-content\/uploads\/2021\/03\/20210308_163101-2048x1152.jpg 2048w\" sizes=\"auto, (max-width: 1024px) 100vw, 1024px\" \/><\/figure><\/li><\/ul><\/figure>\n\n\n\n<p>Na szcz\u0119\u015bcie po kilku dniach nasze pomidorki staj\u0105 na &#8222;nogi&#8221;. Celowo je zasadzi\u0142em troch\u0119 g\u0142\u0119biej aby zniwelowa\u0107 problem wyd\u0142u\u017conych \u0142odyg, o kt\u00f3rych pisa\u0142em wcze\u015bniej.<\/p>\n\n\n\n<p><\/p>\n\n\n\n<p>Nast\u0119pnie na warsztat posz\u0142a sa\u0142ata. Robi\u0119 to po raz pierwszy, wi\u0119c nie mam poj\u0119cia czy dobrze czy \u017ale. Na szcz\u0119\u015bcie nie \u017cyjemy w czasach kiedy od dobrych plon\u00f3w zale\u017cy nasze \u017cycie \ud83d\ude42 Z drugiej strony fajnie by by\u0142o zapewni\u0107 sobie cho\u0107 troch\u0119 niezale\u017cno\u015bci je\u015bli chodzi o jedzenie.<\/p>\n\n\n\n<figure class=\"wp-block-gallery columns-1 is-cropped wp-block-gallery-3 is-layout-flex wp-block-gallery-is-layout-flex\"><ul class=\"blocks-gallery-grid\"><li class=\"blocks-gallery-item\"><figure><img loading=\"lazy\" decoding=\"async\" width=\"1024\" height=\"576\" src=\"https:\/\/ogrodtolas.pl\/wp-content\/uploads\/2021\/03\/20210228_150151-1024x576.jpg\" alt=\"\" data-id=\"337\" data-full-url=\"https:\/\/ogrodtolas.pl\/wp-content\/uploads\/2021\/03\/20210228_150151-scaled.jpg\" data-link=\"https:\/\/ogrodtolas.pl\/?attachment_id=337\" class=\"wp-image-337\" srcset=\"https:\/\/ogrodtolas.pl\/wp-content\/uploads\/2021\/03\/20210228_150151-1024x576.jpg 1024w, https:\/\/ogrodtolas.pl\/wp-content\/uploads\/2021\/03\/20210228_150151-300x169.jpg 300w, https:\/\/ogrodtolas.pl\/wp-content\/uploads\/2021\/03\/20210228_150151-768x432.jpg 768w, https:\/\/ogrodtolas.pl\/wp-content\/uploads\/2021\/03\/20210228_150151-1536x864.jpg 1536w, https:\/\/ogrodtolas.pl\/wp-content\/uploads\/2021\/03\/20210228_150151-2048x1152.jpg 2048w\" sizes=\"auto, (max-width: 1024px) 100vw, 1024px\" \/><\/figure><\/li><\/ul><\/figure>\n\n\n\n<p>Sa\u0142ata wyl\u0105duje w folii jako pierwsza. Mo\u017ce jest troch\u0119 za zimno ale nie mam wyboru ze wzgl\u0119du na ograniczone miejsce na parapecie. Sa\u0142ata z tego co wyczyta\u0142em dobrze znosi temperatury do -6 stopni.<\/p>\n\n\n\n<figure class=\"wp-block-gallery columns-1 is-cropped wp-block-gallery-4 is-layout-flex wp-block-gallery-is-layout-flex\"><ul class=\"blocks-gallery-grid\"><li class=\"blocks-gallery-item\"><figure><img loading=\"lazy\" decoding=\"async\" width=\"576\" height=\"1024\" src=\"https:\/\/ogrodtolas.pl\/wp-content\/uploads\/2021\/03\/20210306_114756-576x1024.jpg\" alt=\"\" data-id=\"339\" data-full-url=\"https:\/\/ogrodtolas.pl\/wp-content\/uploads\/2021\/03\/20210306_114756-scaled.jpg\" data-link=\"https:\/\/ogrodtolas.pl\/?attachment_id=339\" class=\"wp-image-339\" srcset=\"https:\/\/ogrodtolas.pl\/wp-content\/uploads\/2021\/03\/20210306_114756-576x1024.jpg 576w, https:\/\/ogrodtolas.pl\/wp-content\/uploads\/2021\/03\/20210306_114756-169x300.jpg 169w, https:\/\/ogrodtolas.pl\/wp-content\/uploads\/2021\/03\/20210306_114756-768x1365.jpg 768w, https:\/\/ogrodtolas.pl\/wp-content\/uploads\/2021\/03\/20210306_114756-864x1536.jpg 864w, https:\/\/ogrodtolas.pl\/wp-content\/uploads\/2021\/03\/20210306_114756-1152x2048.jpg 1152w, https:\/\/ogrodtolas.pl\/wp-content\/uploads\/2021\/03\/20210306_114756-scaled.jpg 1440w\" sizes=\"auto, (max-width: 576px) 100vw, 576px\" \/><\/figure><\/li><\/ul><\/figure>\n\n\n\n<p>Oto efekt, przy takiej ilo\u015bci zdj\u0119\u0107 chyba b\u0119d\u0119 musia\u0142 zainwestowa\u0107 w lepszy aparat albo nauczy\u0107 si\u0119 robi\u0107 lepsze fotografie, w ka\u017cdym razie staram si\u0119 i ucz\u0119 nieustannie \ud83d\ude42<\/p>\n\n\n\n<figure class=\"wp-block-image size-large\"><img loading=\"lazy\" decoding=\"async\" width=\"734\" height=\"1024\" src=\"https:\/\/ogrodtolas.pl\/wp-content\/uploads\/2021\/03\/20210308_120049_kopia-734x1024.jpg\" alt=\"\" class=\"wp-image-351\" srcset=\"https:\/\/ogrodtolas.pl\/wp-content\/uploads\/2021\/03\/20210308_120049_kopia-734x1024.jpg 734w, https:\/\/ogrodtolas.pl\/wp-content\/uploads\/2021\/03\/20210308_120049_kopia-215x300.jpg 215w, https:\/\/ogrodtolas.pl\/wp-content\/uploads\/2021\/03\/20210308_120049_kopia-768x1072.jpg 768w, https:\/\/ogrodtolas.pl\/wp-content\/uploads\/2021\/03\/20210308_120049_kopia-1101x1536.jpg 1101w, https:\/\/ogrodtolas.pl\/wp-content\/uploads\/2021\/03\/20210308_120049_kopia-1468x2048.jpg 1468w, https:\/\/ogrodtolas.pl\/wp-content\/uploads\/2021\/03\/20210308_120049_kopia-scaled.jpg 1834w\" sizes=\"auto, (max-width: 734px) 100vw, 734px\" \/><\/figure>\n\n\n\n<p>Sa\u0142at\u0119 wstawi\u0142em do okrytego rega\u0142u, kt\u00f3ry postawi\u0142em w folii obawiaj\u0105c si\u0119 o zbyt niskiej temperatury. Okazuje si\u0119, \u017ce przy \u015bwiec\u0105cym s\u0142o\u0144cu temperatura w \u015brodku osi\u0105gn\u0119\u0142a dzisiaj oko\u0142o po\u0142udnia 30 stopni przy temperaturze na zewn\u0105trz rz\u0119du 5, wow. Jednak dwie godziny p\u00f3\u017aniej kiedy s\u0142o\u0144ce zasz\u0142o, by\u0142o ju\u017c tylko 15. Obawiam si\u0119, \u017ce takie wahania temperatury tez nie s\u0105 zbyt dobre. <\/p>\n\n\n\n<p>Sa\u0142ata na szcz\u0119\u015bcie wydaje mi si\u0119 ro\u015blin\u0105 na tyle wytrzyma\u0142\u0105, \u017ce co\u015b jednak z tego b\u0119dzie&#8230;<\/p>\n","protected":false},"excerpt":{"rendered":"<p>Cz\u0119stym problemem wielu ludzi, w tym moim, jest niecierpliwo\u015b\u0107. Niestety natury si\u0119 nie oszuka tak \u0142atwo. Ka\u017cda ro\u015blina ma sw\u00f3j cykl rozwojowy i kiedy si\u0119 go zaburzy, zaczynaj\u0105 si\u0119 problemy. Kiedy ro\u015blina taka jak&#46;&#46;&#46;<\/p>\n","protected":false},"author":1,"featured_media":0,"comment_status":"open","ping_status":"open","sticky":false,"template":"","format":"standard","meta":{"footnotes":""},"categories":[9],"tags":[],"class_list":["post-330","post","type-post","status-publish","format-standard","hentry","category-blog"],"_links":{"self":[{"href":"https:\/\/ogrodtolas.pl\/index.php\/wp-json\/wp\/v2\/posts\/330","targetHints":{"allow":["GET"]}}],"collection":[{"href":"https:\/\/ogrodtolas.pl\/index.php\/wp-json\/wp\/v2\/posts"}],"about":[{"href":"https:\/\/ogrodtolas.pl\/index.php\/wp-json\/wp\/v2\/types\/post"}],"author":[{"embeddable":true,"href":"https:\/\/ogrodtolas.pl\/index.php\/wp-json\/wp\/v2\/users\/1"}],"replies":[{"embeddable":true,"href":"https:\/\/ogrodtolas.pl\/index.php\/wp-json\/wp\/v2\/comments?post=330"}],"version-history":[{"count":9,"href":"https:\/\/ogrodtolas.pl\/index.php\/wp-json\/wp\/v2\/posts\/330\/revisions"}],"predecessor-version":[{"id":352,"href":"https:\/\/ogrodtolas.pl\/index.php\/wp-json\/wp\/v2\/posts\/330\/revisions\/352"}],"wp:attachment":[{"href":"https:\/\/ogrodtolas.pl\/index.php\/wp-json\/wp\/v2\/media?parent=330"}],"wp:term":[{"taxonomy":"category","embeddable":true,"href":"https:\/\/ogrodtolas.pl\/index.php\/wp-json\/wp\/v2\/categories?post=330"},{"taxonomy":"post_tag","embeddable":true,"href":"https:\/\/ogrodtolas.pl\/index.php\/wp-json\/wp\/v2\/tags?post=330"}],"curies":[{"name":"wp","href":"https:\/\/api.w.org\/{rel}","templated":true}]}}