{"id":360,"date":"2021-05-01T14:31:58","date_gmt":"2021-05-01T12:31:58","guid":{"rendered":"http:\/\/ogrodtolas.pl\/?p=360"},"modified":"2021-05-01T14:32:39","modified_gmt":"2021-05-01T12:32:39","slug":"tunel-foliowy-pomidory","status":"publish","type":"post","link":"https:\/\/ogrodtolas.pl\/index.php\/2021\/05\/01\/tunel-foliowy-pomidory\/","title":{"rendered":"Tunel foliowy, pomidory"},"content":{"rendered":"\n<p>Jak ju\u017c wcze\u015bniej wspomnia\u0142em, wysia\u0142em pomidory znacznie za wcze\u015bnie. W efekcie rozros\u0142y si\u0119 ponad miar\u0119 na parapecie.<\/p>\n\n\n\n<figure class=\"wp-block-gallery columns-1 is-cropped wp-block-gallery-1 is-layout-flex wp-block-gallery-is-layout-flex\"><ul class=\"blocks-gallery-grid\"><li class=\"blocks-gallery-item\"><figure><img loading=\"lazy\" decoding=\"async\" width=\"576\" height=\"1024\" src=\"https:\/\/ogrodtolas.pl\/wp-content\/uploads\/2021\/05\/20210328_163255-576x1024.jpg\" alt=\"\" data-id=\"361\" data-full-url=\"https:\/\/ogrodtolas.pl\/wp-content\/uploads\/2021\/05\/20210328_163255-scaled.jpg\" data-link=\"https:\/\/ogrodtolas.pl\/?attachment_id=361\" class=\"wp-image-361\" srcset=\"https:\/\/ogrodtolas.pl\/wp-content\/uploads\/2021\/05\/20210328_163255-576x1024.jpg 576w, https:\/\/ogrodtolas.pl\/wp-content\/uploads\/2021\/05\/20210328_163255-169x300.jpg 169w, https:\/\/ogrodtolas.pl\/wp-content\/uploads\/2021\/05\/20210328_163255-768x1365.jpg 768w, https:\/\/ogrodtolas.pl\/wp-content\/uploads\/2021\/05\/20210328_163255-864x1536.jpg 864w, https:\/\/ogrodtolas.pl\/wp-content\/uploads\/2021\/05\/20210328_163255-1152x2048.jpg 1152w, https:\/\/ogrodtolas.pl\/wp-content\/uploads\/2021\/05\/20210328_163255-scaled.jpg 1440w\" sizes=\"auto, (max-width: 576px) 100vw, 576px\" \/><\/figure><\/li><\/ul><\/figure>\n\n\n\n<p>Tutaj zdj\u0119cie nieco wcze\u015bniejsze. Niemniej doszed\u0142em o etapu kiedy musia\u0142em zaryzykowa\u0107 i zasadzi\u0107 je do gruntu w folii. <\/p>\n\n\n\n<figure class=\"wp-block-gallery columns-1 is-cropped wp-block-gallery-2 is-layout-flex wp-block-gallery-is-layout-flex\"><ul class=\"blocks-gallery-grid\"><li class=\"blocks-gallery-item\"><figure><img loading=\"lazy\" decoding=\"async\" width=\"1024\" height=\"576\" src=\"https:\/\/ogrodtolas.pl\/wp-content\/uploads\/2021\/05\/20210422_114759-1024x576.jpg\" alt=\"\" data-id=\"362\" data-full-url=\"https:\/\/ogrodtolas.pl\/wp-content\/uploads\/2021\/05\/20210422_114759-scaled.jpg\" data-link=\"https:\/\/ogrodtolas.pl\/?attachment_id=362\" class=\"wp-image-362\" srcset=\"https:\/\/ogrodtolas.pl\/wp-content\/uploads\/2021\/05\/20210422_114759-1024x576.jpg 1024w, https:\/\/ogrodtolas.pl\/wp-content\/uploads\/2021\/05\/20210422_114759-300x169.jpg 300w, https:\/\/ogrodtolas.pl\/wp-content\/uploads\/2021\/05\/20210422_114759-768x432.jpg 768w, https:\/\/ogrodtolas.pl\/wp-content\/uploads\/2021\/05\/20210422_114759-1536x864.jpg 1536w, https:\/\/ogrodtolas.pl\/wp-content\/uploads\/2021\/05\/20210422_114759-2048x1152.jpg 2048w\" sizes=\"auto, (max-width: 1024px) 100vw, 1024px\" \/><\/figure><\/li><\/ul><\/figure>\n\n\n\n<p>Oto efekt, niestety by\u0142y ju\u017c na tyle rozro\u015bni\u0119te, \u017ce nie by\u0142em w stanie ich zasadzi\u0107 na tyle g\u0142\u0119boko jakbym chcia\u0142. podwi\u0105za\u0142em je na sznurkach.<\/p>\n\n\n\n<p>Kiedy sadzi si\u0119 ro\u015bliny ciep\u0142olubne przed 15 maja w naszym kraju to trzeba liczy\u0107 si\u0119 z przymrozkami, na forach ogrodniczych widzia\u0142em sporo zmarzni\u0119tych ro\u015blin gdzie ich w\u0142a\u015bciciele pytali si\u0119 czy mo\u017cna je jako\u015b uratowa\u0107. Maj\u0105c tego \u015bwiadomo\u015b\u0107 szuka\u0142em r\u00f3\u017cnych rozwi\u0105za\u0144 jak si\u0119 tego ustrzec.<\/p>\n\n\n\n<p>Najpopularniejsz\u0105 metod\u0105 wed\u0142ug wielu forumowicz\u00f3w jest wstawienie zniczy na noc, kiedy b\u0119d\u0105 przymrozki. Jako\u015b nie jestem przekonany do tego, mimo ze prawdopodobnie by si\u0119 to sprawdzi\u0142o. Zniech\u0119ca\u0142a mnie wizja zakopconego od \u015bwieczek namiotu foliowego.<\/p>\n\n\n\n<p>S\u0105 oczywi\u015bcie r\u00f3\u017cnego rodzaju grza\u0142ki i inne profesjonalne ogrzewacze lub maty grzewcze, tutaj zniech\u0119ci\u0142a mnie wizja koszt\u00f3w i op\u0142at za pr\u0105d co podnios\u0142o by bezsensownie koszty uprawy.<\/p>\n\n\n\n<p>Postanowi\u0142em zaryzykowa\u0107 z rozwi\u0105zaniem stosowanym w tzw. szklanicach pasywnych. Do ogrzewania jest tutaj u\u017cywana woda w beczkach, najlepiej czarnych, Zasada jest banalnie prosta, w ci\u0105gu dnia woda si\u0119 nagrzewa od s\u0142o\u0144ca aby odda\u0107 to ciep\u0142o w nocy.<\/p>\n\n\n\n<figure class=\"wp-block-gallery columns-1 is-cropped wp-block-gallery-3 is-layout-flex wp-block-gallery-is-layout-flex\"><ul class=\"blocks-gallery-grid\"><li class=\"blocks-gallery-item\"><figure><img loading=\"lazy\" decoding=\"async\" width=\"1024\" height=\"576\" src=\"https:\/\/ogrodtolas.pl\/wp-content\/uploads\/2021\/05\/20210427_141654-1024x576.jpg\" alt=\"\" data-id=\"364\" data-full-url=\"https:\/\/ogrodtolas.pl\/wp-content\/uploads\/2021\/05\/20210427_141654-scaled.jpg\" data-link=\"https:\/\/ogrodtolas.pl\/?attachment_id=364\" class=\"wp-image-364\" srcset=\"https:\/\/ogrodtolas.pl\/wp-content\/uploads\/2021\/05\/20210427_141654-1024x576.jpg 1024w, https:\/\/ogrodtolas.pl\/wp-content\/uploads\/2021\/05\/20210427_141654-300x169.jpg 300w, https:\/\/ogrodtolas.pl\/wp-content\/uploads\/2021\/05\/20210427_141654-768x432.jpg 768w, https:\/\/ogrodtolas.pl\/wp-content\/uploads\/2021\/05\/20210427_141654-1536x864.jpg 1536w, https:\/\/ogrodtolas.pl\/wp-content\/uploads\/2021\/05\/20210427_141654-2048x1152.jpg 2048w\" sizes=\"auto, (max-width: 1024px) 100vw, 1024px\" \/><\/figure><\/li><\/ul><\/figure>\n\n\n\n<p>W moim wykonaniu nie wygl\u0105da to jako\u015b spektakularnie. Dwie beczki plastikowe i jedna gliniana wype\u0142nione deszcz\u00f3wk\u0105. I faktycznie przez ca\u0142y dzie\u0144 potrafi\u0105 si\u0119 tak nagrza\u0107 w s\u0142o\u0144cu, \u017ce jest to odczuwalne. Efekt jest taki, \u017ce pomidory przetrwa\u0142y przymrozki, w dalszym ci\u0105gu  nie s\u0105 w takim stanie w jakim bym chcia\u0142. Licz\u0119, \u017ce kiedy si\u0119 porz\u0105dnie ukorzeni\u0105, to co\u015b z tego b\u0119dzie. <\/p>\n\n\n\n<figure class=\"wp-block-gallery columns-1 is-cropped wp-block-gallery-4 is-layout-flex wp-block-gallery-is-layout-flex\"><ul class=\"blocks-gallery-grid\"><li class=\"blocks-gallery-item\"><figure><img loading=\"lazy\" decoding=\"async\" width=\"576\" height=\"1024\" src=\"https:\/\/ogrodtolas.pl\/wp-content\/uploads\/2021\/05\/20210427_141802-576x1024.jpg\" alt=\"\" data-id=\"366\" data-full-url=\"https:\/\/ogrodtolas.pl\/wp-content\/uploads\/2021\/05\/20210427_141802-scaled.jpg\" data-link=\"https:\/\/ogrodtolas.pl\/?attachment_id=366\" class=\"wp-image-366\" srcset=\"https:\/\/ogrodtolas.pl\/wp-content\/uploads\/2021\/05\/20210427_141802-576x1024.jpg 576w, https:\/\/ogrodtolas.pl\/wp-content\/uploads\/2021\/05\/20210427_141802-169x300.jpg 169w, https:\/\/ogrodtolas.pl\/wp-content\/uploads\/2021\/05\/20210427_141802-768x1365.jpg 768w, https:\/\/ogrodtolas.pl\/wp-content\/uploads\/2021\/05\/20210427_141802-864x1536.jpg 864w, https:\/\/ogrodtolas.pl\/wp-content\/uploads\/2021\/05\/20210427_141802-1152x2048.jpg 1152w, https:\/\/ogrodtolas.pl\/wp-content\/uploads\/2021\/05\/20210427_141802-scaled.jpg 1440w\" sizes=\"auto, (max-width: 576px) 100vw, 576px\" \/><\/figure><\/li><\/ul><\/figure>\n\n\n\n<p>W folii naturalnie, s\u0105 nie tylko pomidory, Mo\u017cna tutaj znale\u017a\u0107 sa\u0142at\u0119, b\u00f3b, groszek, cebule, koperek, marchew, pietruszk\u0119, seler.<\/p>\n\n\n\n<figure class=\"wp-block-gallery columns-1 is-cropped wp-block-gallery-5 is-layout-flex wp-block-gallery-is-layout-flex\"><ul class=\"blocks-gallery-grid\"><li class=\"blocks-gallery-item\"><figure><img loading=\"lazy\" decoding=\"async\" width=\"576\" height=\"1024\" src=\"https:\/\/ogrodtolas.pl\/wp-content\/uploads\/2021\/05\/20210427_141814-576x1024.jpg\" alt=\"\" data-id=\"367\" data-full-url=\"https:\/\/ogrodtolas.pl\/wp-content\/uploads\/2021\/05\/20210427_141814-scaled.jpg\" data-link=\"https:\/\/ogrodtolas.pl\/?attachment_id=367\" class=\"wp-image-367\" srcset=\"https:\/\/ogrodtolas.pl\/wp-content\/uploads\/2021\/05\/20210427_141814-576x1024.jpg 576w, https:\/\/ogrodtolas.pl\/wp-content\/uploads\/2021\/05\/20210427_141814-169x300.jpg 169w, https:\/\/ogrodtolas.pl\/wp-content\/uploads\/2021\/05\/20210427_141814-768x1365.jpg 768w, https:\/\/ogrodtolas.pl\/wp-content\/uploads\/2021\/05\/20210427_141814-864x1536.jpg 864w, https:\/\/ogrodtolas.pl\/wp-content\/uploads\/2021\/05\/20210427_141814-1152x2048.jpg 1152w, https:\/\/ogrodtolas.pl\/wp-content\/uploads\/2021\/05\/20210427_141814-scaled.jpg 1440w\" sizes=\"auto, (max-width: 576px) 100vw, 576px\" \/><\/figure><\/li><\/ul><\/figure>\n\n\n\n<p>W duchu permakultury postawi\u0142em na r\u00f3\u017cnorodno\u015b\u0107. Nie licz\u0119 na jakie\u015b bogate zbiory ale na wiele r\u00f3\u017cnych warzyw, kt\u00f3re b\u0119d\u0105 na tyle mile \u017ce wyrosn\u0105 \ud83d\ude42<\/p>\n\n\n\n<p>Nie ma tutaj miejsca na r\u00f3wne grz\u0105dki, panuje &#8222;artystyczny&#8221; nie\u0142ad, Jak to w lesie \ud83d\ude42<\/p>\n\n\n\n<p>W kolejce czeka jeszcze papryka, a jak wykie\u0142kuje to arbuz i og\u00f3rek.<\/p>\n\n\n\n<p>B\u0119dzie ciasno, to prawda, ale nie b\u0119dzie te\u017c na tyle miejsca aby ros\u0142y tutaj chwasty.<\/p>\n\n\n\n<p>Dodaj\u0119 sukcesywnie wszelk\u0105 materi\u0119 biologiczna, obierki, skorupki z jajek aby ziemia by\u0142a na tyle bogata w minera\u0142y \u017ceby to wszystko da\u0142o rade wyrosn\u0105\u0107.<\/p>\n","protected":false},"excerpt":{"rendered":"<p>Jak ju\u017c wcze\u015bniej wspomnia\u0142em, wysia\u0142em pomidory znacznie za wcze\u015bnie. W efekcie rozros\u0142y si\u0119 ponad miar\u0119 na parapecie. Tutaj zdj\u0119cie nieco wcze\u015bniejsze. Niemniej doszed\u0142em o etapu kiedy musia\u0142em zaryzykowa\u0107 i zasadzi\u0107 je do gruntu w&#46;&#46;&#46;<\/p>\n","protected":false},"author":1,"featured_media":0,"comment_status":"open","ping_status":"open","sticky":false,"template":"","format":"standard","meta":{"footnotes":""},"categories":[9],"tags":[],"class_list":["post-360","post","type-post","status-publish","format-standard","hentry","category-blog"],"_links":{"self":[{"href":"https:\/\/ogrodtolas.pl\/index.php\/wp-json\/wp\/v2\/posts\/360","targetHints":{"allow":["GET"]}}],"collection":[{"href":"https:\/\/ogrodtolas.pl\/index.php\/wp-json\/wp\/v2\/posts"}],"about":[{"href":"https:\/\/ogrodtolas.pl\/index.php\/wp-json\/wp\/v2\/types\/post"}],"author":[{"embeddable":true,"href":"https:\/\/ogrodtolas.pl\/index.php\/wp-json\/wp\/v2\/users\/1"}],"replies":[{"embeddable":true,"href":"https:\/\/ogrodtolas.pl\/index.php\/wp-json\/wp\/v2\/comments?post=360"}],"version-history":[{"count":4,"href":"https:\/\/ogrodtolas.pl\/index.php\/wp-json\/wp\/v2\/posts\/360\/revisions"}],"predecessor-version":[{"id":369,"href":"https:\/\/ogrodtolas.pl\/index.php\/wp-json\/wp\/v2\/posts\/360\/revisions\/369"}],"wp:attachment":[{"href":"https:\/\/ogrodtolas.pl\/index.php\/wp-json\/wp\/v2\/media?parent=360"}],"wp:term":[{"taxonomy":"category","embeddable":true,"href":"https:\/\/ogrodtolas.pl\/index.php\/wp-json\/wp\/v2\/categories?post=360"},{"taxonomy":"post_tag","embeddable":true,"href":"https:\/\/ogrodtolas.pl\/index.php\/wp-json\/wp\/v2\/tags?post=360"}],"curies":[{"name":"wp","href":"https:\/\/api.w.org\/{rel}","templated":true}]}}