{"id":396,"date":"2021-06-10T16:49:30","date_gmt":"2021-06-10T14:49:30","guid":{"rendered":"http:\/\/ogrodtolas.pl\/?p=396"},"modified":"2021-06-10T16:50:09","modified_gmt":"2021-06-10T14:50:09","slug":"nie-jest-lekko","status":"publish","type":"post","link":"https:\/\/ogrodtolas.pl\/index.php\/2021\/06\/10\/nie-jest-lekko\/","title":{"rendered":"Nie jest lekko &#8230;"},"content":{"rendered":"\n<p>Jak wida\u0107 troch\u0119 tutaj zaros\u0142o. Postawi\u0142em na tw\u00f3rczy nie\u0142ad w mojej folii i teraz mam to co mam :). Niestety plaga \u015blimak\u00f3w nie odpuszcza. Bardzo im si\u0119 spodoba\u0142y papryki, mam nadzieje, \u017ce im smakowa\u0142y.<\/p>\n\n\n\n<figure class=\"wp-block-gallery columns-1 is-cropped wp-block-gallery-1 is-layout-flex wp-block-gallery-is-layout-flex\"><ul class=\"blocks-gallery-grid\"><li class=\"blocks-gallery-item\"><figure><img loading=\"lazy\" decoding=\"async\" width=\"1024\" height=\"576\" src=\"https:\/\/ogrodtolas.pl\/wp-content\/uploads\/2021\/06\/20210609_174816-1-1024x576.jpg\" alt=\"\" data-id=\"400\" data-full-url=\"https:\/\/ogrodtolas.pl\/wp-content\/uploads\/2021\/06\/20210609_174816-1-scaled.jpg\" data-link=\"https:\/\/ogrodtolas.pl\/?attachment_id=400\" class=\"wp-image-400\" srcset=\"https:\/\/ogrodtolas.pl\/wp-content\/uploads\/2021\/06\/20210609_174816-1-1024x576.jpg 1024w, https:\/\/ogrodtolas.pl\/wp-content\/uploads\/2021\/06\/20210609_174816-1-300x169.jpg 300w, https:\/\/ogrodtolas.pl\/wp-content\/uploads\/2021\/06\/20210609_174816-1-768x432.jpg 768w, https:\/\/ogrodtolas.pl\/wp-content\/uploads\/2021\/06\/20210609_174816-1-1536x864.jpg 1536w, https:\/\/ogrodtolas.pl\/wp-content\/uploads\/2021\/06\/20210609_174816-1-2048x1152.jpg 2048w\" sizes=\"auto, (max-width: 1024px) 100vw, 1024px\" \/><\/figure><\/li><\/ul><\/figure>\n\n\n\n<p>Podobno jeden z tw\u00f3rc\u00f3w permakultury Bill Mollison stwierdzi\u0142, \u017ce problemem nie jest za du\u017co \u015blimak\u00f3w ale za ma\u0142o kaczek. Co\u015b w tym jest. Te ma\u0142e sk&#8230; znaczy \u0142obuzy zadomowi\u0142y si\u0119 u mnie gdy\u017c nie maj\u0105 naturalnych wrog\u00f3w w okolicy, za to maj\u0105 ca\u0142kiem fajny bufet stworzony przez cz\u0142owieka.<\/p>\n\n\n\n<p>\u015alimaki s\u0105 zjadane przez je\u017ce, ptaki i r\u00f3\u017cne p\u0142azy. U mnie niestety problemem jest te\u017c za du\u017ca ilo\u015b\u0107 owczark\u00f3w niemieckich w ogrodzie a co za tym idzie s\u0105 one skutecznie odstraszane a ewentualne kaczki zapewne zosta\u0142yby szybko zjedzone.<\/p>\n\n\n\n<p>Pogodzi\u0142em si\u0119 z sytuacj\u0105 i ciesz\u0119 si\u0119, \u017ce zosta\u0142y mi pomidory, groszek, b\u00f3b i sa\u0142ata, mo\u017ce nie jest tak \u017ale. Zauwa\u017cy\u0142em te\u017c, \u017ce jak doda\u0142em do kompostownika troch\u0119 warzyw i obierek z obiadu to moi ob\u015blizgli koledzy pobiegli w to miejsce zostawiaj\u0105c w spokoju resztk\u0119 papryki w foliaku.<\/p>\n\n\n\n<p>Staram si\u0119 te\u017c podlewa\u0107 rano a nie wieczorem. \u015alimaki lubi\u0105 wilgo\u0107 a podlewanie wieczorne zach\u0119ca je do nocnych spacer\u00f3w.<\/p>\n\n\n\n<p>Jak ju\u017c m\u00f3wi\u0142em nie jest lekko. R\u00f3wnowaga biologiczna jest trudna do osi\u0105gniecia ale mam nadziej\u0119 \u017ce nie niemo\u017cliwa. Nie mo\u017cna si\u0119 poddawa\u0107. Ogr\u00f3d permakulturowy to jest wed\u0142ug mnie forma d\u0142ugotrwa\u0142ej inwestycji. Na pocz\u0105tku trzeba w\u0142o\u017cy\u0107 troch\u0119 pracy, czasu i nerw\u00f3w ale mam nadziej\u0119, \u017ce si\u0119 op\u0142aci&#8230;<\/p>\n\n\n\n<figure class=\"wp-block-gallery columns-0 is-cropped wp-block-gallery-2 is-layout-flex wp-block-gallery-is-layout-flex\"><ul class=\"blocks-gallery-grid\"><\/ul><\/figure>\n","protected":false},"excerpt":{"rendered":"<p>Jak wida\u0107 troch\u0119 tutaj zaros\u0142o. Postawi\u0142em na tw\u00f3rczy nie\u0142ad w mojej folii i teraz mam to co mam :). Niestety plaga \u015blimak\u00f3w nie odpuszcza. Bardzo im si\u0119 spodoba\u0142y papryki, mam nadzieje, \u017ce im smakowa\u0142y.&#46;&#46;&#46;<\/p>\n","protected":false},"author":1,"featured_media":0,"comment_status":"open","ping_status":"open","sticky":false,"template":"","format":"standard","meta":{"footnotes":""},"categories":[9],"tags":[],"class_list":["post-396","post","type-post","status-publish","format-standard","hentry","category-blog"],"_links":{"self":[{"href":"https:\/\/ogrodtolas.pl\/index.php\/wp-json\/wp\/v2\/posts\/396","targetHints":{"allow":["GET"]}}],"collection":[{"href":"https:\/\/ogrodtolas.pl\/index.php\/wp-json\/wp\/v2\/posts"}],"about":[{"href":"https:\/\/ogrodtolas.pl\/index.php\/wp-json\/wp\/v2\/types\/post"}],"author":[{"embeddable":true,"href":"https:\/\/ogrodtolas.pl\/index.php\/wp-json\/wp\/v2\/users\/1"}],"replies":[{"embeddable":true,"href":"https:\/\/ogrodtolas.pl\/index.php\/wp-json\/wp\/v2\/comments?post=396"}],"version-history":[{"count":4,"href":"https:\/\/ogrodtolas.pl\/index.php\/wp-json\/wp\/v2\/posts\/396\/revisions"}],"predecessor-version":[{"id":402,"href":"https:\/\/ogrodtolas.pl\/index.php\/wp-json\/wp\/v2\/posts\/396\/revisions\/402"}],"wp:attachment":[{"href":"https:\/\/ogrodtolas.pl\/index.php\/wp-json\/wp\/v2\/media?parent=396"}],"wp:term":[{"taxonomy":"category","embeddable":true,"href":"https:\/\/ogrodtolas.pl\/index.php\/wp-json\/wp\/v2\/categories?post=396"},{"taxonomy":"post_tag","embeddable":true,"href":"https:\/\/ogrodtolas.pl\/index.php\/wp-json\/wp\/v2\/tags?post=396"}],"curies":[{"name":"wp","href":"https:\/\/api.w.org\/{rel}","templated":true}]}}