{"id":516,"date":"2021-10-19T21:12:58","date_gmt":"2021-10-19T19:12:58","guid":{"rendered":"http:\/\/ogrodtolas.pl\/?p=516"},"modified":"2021-10-19T21:13:25","modified_gmt":"2021-10-19T19:13:25","slug":"podsumowanko-oplaca-sie-to-wszystko-czy-nie","status":"publish","type":"post","link":"https:\/\/ogrodtolas.pl\/index.php\/2021\/10\/19\/podsumowanko-oplaca-sie-to-wszystko-czy-nie\/","title":{"rendered":"Podsumowanko &#8211; op\u0142aca si\u0119 to wszystko czy nie"},"content":{"rendered":"\n<p>Przyszed\u0142 czas na ma\u0142e podsumowanie. Sprz\u0105taj\u0105c ba\u0142agan po uschni\u0119tych krzakach pomidor\u00f3w nasz\u0142a mnie refleksja&#8230;. czy to wszystko si\u0119 op\u0142aca ?<\/p>\n\n\n\n<p><\/p>\n\n\n\n<blockquote class=\"wp-block-quote is-layout-flow wp-block-quote-is-layout-flow\"><p><span class=\"has-inline-color has-vivid-purple-color\">Znajomy z miasta odwiedza bardzo zaniedbane gospodarstwo rolne .<br>&#8211; Nic na tej ziemi nie ro\u015bnie?<br>&#8211; A no nic &#8211; wzdycha rolnik.<br>&#8211; A jakby tak zasia\u0107 kukurydz\u0119?<br>&#8211; Aaa&#8230; jakby zasia\u0107, to by uros\u0142a.<\/span><\/p><cite>Cytuj\u0105c znany dowcip<\/cite><\/blockquote>\n\n\n\n<figure class=\"wp-block-gallery columns-1 is-cropped wp-block-gallery-1 is-layout-flex wp-block-gallery-is-layout-flex\"><ul class=\"blocks-gallery-grid\"><li class=\"blocks-gallery-item\"><figure><img loading=\"lazy\" decoding=\"async\" width=\"576\" height=\"1024\" src=\"https:\/\/ogrodtolas.pl\/wp-content\/uploads\/2021\/10\/20210817_105251-576x1024.jpg\" alt=\"\" data-id=\"531\" data-full-url=\"https:\/\/ogrodtolas.pl\/wp-content\/uploads\/2021\/10\/20210817_105251-scaled.jpg\" data-link=\"https:\/\/ogrodtolas.pl\/?attachment_id=531\" class=\"wp-image-531\" srcset=\"https:\/\/ogrodtolas.pl\/wp-content\/uploads\/2021\/10\/20210817_105251-576x1024.jpg 576w, https:\/\/ogrodtolas.pl\/wp-content\/uploads\/2021\/10\/20210817_105251-169x300.jpg 169w, https:\/\/ogrodtolas.pl\/wp-content\/uploads\/2021\/10\/20210817_105251-768x1365.jpg 768w, https:\/\/ogrodtolas.pl\/wp-content\/uploads\/2021\/10\/20210817_105251-864x1536.jpg 864w, https:\/\/ogrodtolas.pl\/wp-content\/uploads\/2021\/10\/20210817_105251-1152x2048.jpg 1152w, https:\/\/ogrodtolas.pl\/wp-content\/uploads\/2021\/10\/20210817_105251-scaled.jpg 1440w\" sizes=\"auto, (max-width: 576px) 100vw, 576px\" \/><\/figure><\/li><\/ul><\/figure>\n\n\n\n<p>Uprawa docelowo nastawiona by\u0142a na pomidory a dok\u0142adniej bawole serca. Odmiana dosy\u0107 popularna i ceniona ze wzgl\u0119du na swoj\u0105 wielko\u015b\u0107 i smak. Faktycznie, taki ogromny pomidor robi wra\u017cenie i bardzo fajnie jest si\u0119 pochwali\u0107 takim okazem. W smaku bardzo dobre, nieco mi\u0119siste, niekt\u00f3rzy u\u017cywaj\u0105 stwierdzenia m\u0105czyste, wiadomo, ka\u017cdy ma sw\u00f3j gust. Najbardziej smakowa\u0142y mi \u015bwie\u017ce, kiedy mo\u017cna by\u0142o poczu\u0107 ich aromat i charakterystyczny posmak dzia\u0142kowych naturalnych pomidor\u00f3w.  Kiedy pr\u00f3bowa\u0142em z nich zrobi\u0107 spaghetti albo leczo, jako\u015b traci\u0142y one swoje w\u0142a\u015bciwo\u015bci, mo\u017ce kwestia przepisu ale jada\u0142em lepsze \ud83d\ude42 .<\/p>\n\n\n\n<figure class=\"wp-block-gallery columns-1 is-cropped wp-block-gallery-2 is-layout-flex wp-block-gallery-is-layout-flex\"><ul class=\"blocks-gallery-grid\"><li class=\"blocks-gallery-item\"><figure><img loading=\"lazy\" decoding=\"async\" width=\"576\" height=\"1024\" src=\"https:\/\/ogrodtolas.pl\/wp-content\/uploads\/2021\/10\/20210822_184739-576x1024.jpg\" alt=\"\" data-id=\"532\" data-full-url=\"https:\/\/ogrodtolas.pl\/wp-content\/uploads\/2021\/10\/20210822_184739-scaled.jpg\" data-link=\"https:\/\/ogrodtolas.pl\/?attachment_id=532\" class=\"wp-image-532\" srcset=\"https:\/\/ogrodtolas.pl\/wp-content\/uploads\/2021\/10\/20210822_184739-576x1024.jpg 576w, https:\/\/ogrodtolas.pl\/wp-content\/uploads\/2021\/10\/20210822_184739-169x300.jpg 169w, https:\/\/ogrodtolas.pl\/wp-content\/uploads\/2021\/10\/20210822_184739-768x1365.jpg 768w, https:\/\/ogrodtolas.pl\/wp-content\/uploads\/2021\/10\/20210822_184739-864x1536.jpg 864w, https:\/\/ogrodtolas.pl\/wp-content\/uploads\/2021\/10\/20210822_184739-1152x2048.jpg 1152w, https:\/\/ogrodtolas.pl\/wp-content\/uploads\/2021\/10\/20210822_184739-scaled.jpg 1440w\" sizes=\"auto, (max-width: 576px) 100vw, 576px\" \/><\/figure><\/li><\/ul><\/figure>\n\n\n\n<p>Kolejn\u0105 sprawa to jest to, \u017ce chcia\u0142em mie\u0107 nieco wi\u0119cej warzyw. Papryki totalnie nie wysz\u0142y a bardzo mi zale\u017ca\u0142o na ostrym habanero. \u015alimaki bardzo doceni\u0142y t\u0105 odmian\u0119, niestety nie podzieli\u0142y si\u0119 nawet kawa\u0142kiem.<\/p>\n\n\n\n<p>Wysz\u0142o troszk\u0119 sa\u0142aty, kilka krzak\u00f3w bobu i groszku. <\/p>\n\n\n\n<figure class=\"wp-block-gallery columns-1 is-cropped wp-block-gallery-3 is-layout-flex wp-block-gallery-is-layout-flex\"><ul class=\"blocks-gallery-grid\"><li class=\"blocks-gallery-item\"><figure><img loading=\"lazy\" decoding=\"async\" width=\"576\" height=\"1024\" src=\"https:\/\/ogrodtolas.pl\/wp-content\/uploads\/2021\/10\/20210612_113814-576x1024.jpg\" alt=\"\" data-id=\"537\" data-full-url=\"https:\/\/ogrodtolas.pl\/wp-content\/uploads\/2021\/10\/20210612_113814-scaled.jpg\" data-link=\"https:\/\/ogrodtolas.pl\/?attachment_id=537\" class=\"wp-image-537\" srcset=\"https:\/\/ogrodtolas.pl\/wp-content\/uploads\/2021\/10\/20210612_113814-576x1024.jpg 576w, https:\/\/ogrodtolas.pl\/wp-content\/uploads\/2021\/10\/20210612_113814-169x300.jpg 169w, https:\/\/ogrodtolas.pl\/wp-content\/uploads\/2021\/10\/20210612_113814-768x1365.jpg 768w, https:\/\/ogrodtolas.pl\/wp-content\/uploads\/2021\/10\/20210612_113814-864x1536.jpg 864w, https:\/\/ogrodtolas.pl\/wp-content\/uploads\/2021\/10\/20210612_113814-1152x2048.jpg 1152w, https:\/\/ogrodtolas.pl\/wp-content\/uploads\/2021\/10\/20210612_113814-scaled.jpg 1440w\" sizes=\"auto, (max-width: 576px) 100vw, 576px\" \/><\/figure><\/li><\/ul><\/figure>\n\n\n\n<p>Patrz\u0105c na te plony, zastanawiam si\u0119 czy to du\u017co, czy to ma\u0142o i czy wysi\u0142ek jest wart tego wszystkiego.<\/p>\n\n\n\n<p>Z ca\u0142\u0105 pewno\u015bci\u0105 nie wy\u017cywi\u0142bym rodziny maj\u0105c do dyspozycji tylko to. Ca\u0142y czas si\u0119 zastanawiam czy to jest wykonalne przy takiej ma\u0142ej powierzchni. Czy jest sens nawet pr\u00f3bowa\u0107 ?<\/p>\n\n\n\n<p>Pomidor\u00f3w wysz\u0142o mniej wi\u0119cej na dwa tygodnie intensywnych zbior\u00f3w. P\u00f3\u017aniej ze wzgl\u0119du na wielko\u015b\u0107, ro\u015bliny nie nad\u0105\u017ca\u0142y dorosn\u0105\u0107 zanim zjad\u0142y je \u015blimaki, a na sam koniec prawdopodobnie zaraza ziemniaczana dokona\u0142a dzie\u0142a zniszczenia.<\/p>\n\n\n\n<p>Wychodzi na to, \u017ce mam za du\u017ce wymagania i w dalszym ci\u0105gu zbyt ma\u0142e umiej\u0119tno\u015bci. Najwa\u017cniejsze to wyci\u0105gn\u0105\u0107 wnioski i poprawi\u0107 b\u0142\u0119dy.<\/p>\n\n\n\n<p><\/p>\n\n\n\n<p>Przede wszystkim zmiana odmiany pomidora na nieco mniejsz\u0105. Nawet nie chodzi o wielko\u015b\u0107 krzak\u00f3w ale owoc\u00f3w, kt\u00f3re by\u0142y zdecydowanie za ci\u0119\u017ckie i wymaga\u0142y solidnego wi\u0105zania.<\/p>\n\n\n\n<p>\u015alimaki: bardziej konsekwentna walka z tymi szkodnikami, nie m\u00f3wi\u0119 tutaj o chemii poniewa\u017c mija to si\u0119 z celem i za\u0142o\u017ceniami uprawy ekologicznej.<\/p>\n\n\n\n<p>Podstawow\u0105 metod\u0105 jest nie podlewanie wieczorem a rano oraz znale\u017a\u0107 im lepsze miejsce \u017cerowania, tutaj za p\u00f3\u017ano za\u0142o\u017cy\u0142em bogaty w resztki kompostownik.<\/p>\n\n\n\n<p>Przeszkod\u0105 w uprawie w folii jest to, \u017ce tworzymy sztuczn\u0105 barier\u0119 dla naturalnych wrog\u00f3w \u015blimak\u00f3w takich jak ptaki i je\u017ce.<\/p>\n\n\n\n<p>Koniecznie w przysz\u0142ym sezonie musze omin\u0105\u0107 te wszystkie przeszkody a b\u0119dzie lepiej \ud83d\ude42<\/p>\n\n\n\n<p><\/p>\n\n\n\n<p>Podsumowuj\u0105c, mo\u017cna si\u0119 zastanawia\u0107, kalkulowa\u0107 op\u0142acalno\u015b\u0107, ile wydam w sklepie warzywnym a ile wydam na nasiona, folie, doniczki&#8230;<\/p>\n\n\n\n<p>Taka kalkulacja nie ma najmniejszego sensu, przemys\u0142owa uprawa zawsze b\u0119dzie ta\u0144sza i wydajniejsza, w du\u017cym zmechanizowanym gospodarstwie nastawionym na zysk, cena jednostkowa za pomidora czy ziemniaka b\u0119dzie mniejsza czy to ze wzgl\u0119du na koszty materia\u0142\u00f3w czy nak\u0142adu pracy. Albo ujm\u0119 to w ten spos\u00f3b, zawsze \u0142atwiej i szybciej jest kupi\u0107 ni\u017c wyhodowa\u0107 co\u015b od ziarenka.<\/p>\n\n\n\n<p>Najbardziej kusz\u0105ca jest satysfakcja, \u017ce zrobi\u0142o si\u0119 co\u015b samemu, \u017ce mamy nowego pomidora, papryk\u0119, og\u00f3rka, stworzonego od podstaw. Widzimy nasz\u0105 ro\u015blink\u0119 od zasadzenia do zebrania plon\u00f3w. <\/p>\n\n\n\n<figure class=\"wp-block-gallery columns-1 is-cropped wp-block-gallery-4 is-layout-flex wp-block-gallery-is-layout-flex\"><ul class=\"blocks-gallery-grid\"><li class=\"blocks-gallery-item\"><figure><img loading=\"lazy\" decoding=\"async\" width=\"576\" height=\"1024\" src=\"https:\/\/ogrodtolas.pl\/wp-content\/uploads\/2021\/10\/20210621_200510-576x1024.jpg\" alt=\"\" data-id=\"538\" data-full-url=\"https:\/\/ogrodtolas.pl\/wp-content\/uploads\/2021\/10\/20210621_200510-scaled.jpg\" data-link=\"https:\/\/ogrodtolas.pl\/?attachment_id=538\" class=\"wp-image-538\" srcset=\"https:\/\/ogrodtolas.pl\/wp-content\/uploads\/2021\/10\/20210621_200510-576x1024.jpg 576w, https:\/\/ogrodtolas.pl\/wp-content\/uploads\/2021\/10\/20210621_200510-169x300.jpg 169w, https:\/\/ogrodtolas.pl\/wp-content\/uploads\/2021\/10\/20210621_200510-768x1365.jpg 768w, https:\/\/ogrodtolas.pl\/wp-content\/uploads\/2021\/10\/20210621_200510-864x1536.jpg 864w, https:\/\/ogrodtolas.pl\/wp-content\/uploads\/2021\/10\/20210621_200510-1152x2048.jpg 1152w, https:\/\/ogrodtolas.pl\/wp-content\/uploads\/2021\/10\/20210621_200510-scaled.jpg 1440w\" sizes=\"auto, (max-width: 576px) 100vw, 576px\" \/><figcaption class=\"blocks-gallery-item__caption\">Porzeczka czarna &#8211; nie warzywami cz\u0142owiek \u017cyje<\/figcaption><\/figure><\/li><\/ul><\/figure>\n\n\n\n<p>Co do koszt\u00f3w, je\u015bli si\u0119 nad tym g\u0142\u0119biej zastanowi\u0107, to posiadaj\u0105c troch\u0119 ziemi, doniczki albo jakiekolwiek naczynia z odzysku, mo\u017cemy je obni\u017cy\u0107 praktycznie do zera. Stworzenie w\u0142asnego kompostu wymaga co prawda czasu ale wykorzystujemy do tego praktycznie same odpady organiczne, obecnie jest ku temu ca\u0142kiem okazja, jako \u017ce drzewa gubi\u0105 li\u015bcie, nic tylko wyzbiera\u0107 i wykorzysta\u0107.<\/p>\n\n\n\n<p>Na samym ko\u0144cu nale\u017cy zwr\u00f3ci\u0107 uwag\u0119 na to co najwa\u017cniejsze, na zdrowiu, w\u0142asne po\u017cywienie niew\u0105tpliwie b\u0119dzie zdrowsze o ile zostanie wytworzone w naturalny spos\u00f3b bez chemikali\u00f3w obecnych w ca\u0142ym naszym otoczeniu.<\/p>\n\n\n\n<p>Nawet najmniejszy krzaczek pomidora wychodowany na balkonie b\u0119dzie ogromnym krokiem naprz\u00f3d ku zdrowszej diecie i uniezale\u017cnieniu si\u0119 w minimalnym co prawda stopniu od dostaw \u017cywno\u015bci.<\/p>\n\n\n\n<p>Wyobra\u017amy sobie, \u017ce ka\u017cda osoba stworzy przynajmniej jedna ro\u015blin\u0119, nadaj\u0105c\u0105 si\u0119 do jedzenia, mo\u017ce si\u0119 nie wykarmimy na d\u0142u\u017csz\u0105 met\u0119 ale na pewno zrozumiemy otaczaj\u0105c\u0105 nas przyrod\u0119 i poznamy smak ro\u015blin bez nawoz\u00f3w sztucznych czy \u015brodk\u00f3w ochrony ro\u015blin. <\/p>\n\n\n\n<p>Ka\u017cdy kto pozna\u0142 smak dzia\u0142kowego pomidora przyzna, \u017ce jest on unikalny i o niebo bardziej intensywny od tego dostarczonego przez wielki przemys\u0142.<\/p>\n\n\n\n<figure class=\"wp-block-gallery columns-1 is-cropped wp-block-gallery-5 is-layout-flex wp-block-gallery-is-layout-flex\"><ul class=\"blocks-gallery-grid\"><li class=\"blocks-gallery-item\"><figure><img loading=\"lazy\" decoding=\"async\" width=\"576\" height=\"1024\" src=\"https:\/\/ogrodtolas.pl\/wp-content\/uploads\/2021\/10\/20211016_111749-576x1024.jpg\" alt=\"\" data-id=\"535\" data-full-url=\"https:\/\/ogrodtolas.pl\/wp-content\/uploads\/2021\/10\/20211016_111749-scaled.jpg\" data-link=\"https:\/\/ogrodtolas.pl\/?attachment_id=535\" class=\"wp-image-535\" srcset=\"https:\/\/ogrodtolas.pl\/wp-content\/uploads\/2021\/10\/20211016_111749-576x1024.jpg 576w, https:\/\/ogrodtolas.pl\/wp-content\/uploads\/2021\/10\/20211016_111749-169x300.jpg 169w, https:\/\/ogrodtolas.pl\/wp-content\/uploads\/2021\/10\/20211016_111749-768x1365.jpg 768w, https:\/\/ogrodtolas.pl\/wp-content\/uploads\/2021\/10\/20211016_111749-864x1536.jpg 864w, https:\/\/ogrodtolas.pl\/wp-content\/uploads\/2021\/10\/20211016_111749-1152x2048.jpg 1152w, https:\/\/ogrodtolas.pl\/wp-content\/uploads\/2021\/10\/20211016_111749-scaled.jpg 1440w\" sizes=\"auto, (max-width: 576px) 100vw, 576px\" \/><figcaption class=\"blocks-gallery-item__caption\">Foliak czeka na nowy sezon<\/figcaption><\/figure><\/li><\/ul><\/figure>\n\n\n\n<p>Co do samego foliaka, nast\u0119pnym razem pokusz\u0119 si\u0119 o bardziej szczeg\u00f3\u0142ow\u0105 recenzj\u0119 z pierwszego sezonu.<\/p>\n","protected":false},"excerpt":{"rendered":"<p>Przyszed\u0142 czas na ma\u0142e podsumowanie. Sprz\u0105taj\u0105c ba\u0142agan po uschni\u0119tych krzakach pomidor\u00f3w nasz\u0142a mnie refleksja&#8230;. czy to wszystko si\u0119 op\u0142aca ? Znajomy z miasta odwiedza bardzo zaniedbane gospodarstwo rolne .&#8211; Nic na tej ziemi nie&#46;&#46;&#46;<\/p>\n","protected":false},"author":1,"featured_media":0,"comment_status":"open","ping_status":"open","sticky":false,"template":"","format":"standard","meta":{"footnotes":""},"categories":[9],"tags":[],"class_list":["post-516","post","type-post","status-publish","format-standard","hentry","category-blog"],"_links":{"self":[{"href":"https:\/\/ogrodtolas.pl\/index.php\/wp-json\/wp\/v2\/posts\/516","targetHints":{"allow":["GET"]}}],"collection":[{"href":"https:\/\/ogrodtolas.pl\/index.php\/wp-json\/wp\/v2\/posts"}],"about":[{"href":"https:\/\/ogrodtolas.pl\/index.php\/wp-json\/wp\/v2\/types\/post"}],"author":[{"embeddable":true,"href":"https:\/\/ogrodtolas.pl\/index.php\/wp-json\/wp\/v2\/users\/1"}],"replies":[{"embeddable":true,"href":"https:\/\/ogrodtolas.pl\/index.php\/wp-json\/wp\/v2\/comments?post=516"}],"version-history":[{"count":19,"href":"https:\/\/ogrodtolas.pl\/index.php\/wp-json\/wp\/v2\/posts\/516\/revisions"}],"predecessor-version":[{"id":540,"href":"https:\/\/ogrodtolas.pl\/index.php\/wp-json\/wp\/v2\/posts\/516\/revisions\/540"}],"wp:attachment":[{"href":"https:\/\/ogrodtolas.pl\/index.php\/wp-json\/wp\/v2\/media?parent=516"}],"wp:term":[{"taxonomy":"category","embeddable":true,"href":"https:\/\/ogrodtolas.pl\/index.php\/wp-json\/wp\/v2\/categories?post=516"},{"taxonomy":"post_tag","embeddable":true,"href":"https:\/\/ogrodtolas.pl\/index.php\/wp-json\/wp\/v2\/tags?post=516"}],"curies":[{"name":"wp","href":"https:\/\/api.w.org\/{rel}","templated":true}]}}