{"id":542,"date":"2021-11-01T11:45:16","date_gmt":"2021-11-01T10:45:16","guid":{"rendered":"http:\/\/ogrodtolas.pl\/?p=542"},"modified":"2021-11-01T11:46:00","modified_gmt":"2021-11-01T10:46:00","slug":"rok-w-foliaku","status":"publish","type":"post","link":"https:\/\/ogrodtolas.pl\/index.php\/2021\/11\/01\/rok-w-foliaku\/","title":{"rendered":"Rok w foliaku"},"content":{"rendered":"\n<p>Po pierwszym sezonie uprawy w namiocie foliowym za 300 z\u0142 mog\u0119 pokusi\u0107 si\u0119 o pewne wnioski i refleksje.  <\/p>\n\n\n\n<p>Kupiony na pocz\u0105tku lutego 2021 tunel o wymiarach 2m x 3,5 m o powierzchni 7m2. Czy to du\u017co czy ma\u0142o ? Jak dla mnie raczej \u015brednio ale przy tak ma\u0142ym ogr\u00f3dku nie mia\u0142em wi\u0119kszego wyboru.<\/p>\n\n\n\n<p>Nie ukrywam, \u017ce czynnikiem decyduj\u0105cym przy wyborze by\u0142a cena oraz \u0142atwo\u015b\u0107 ustawienia konstrukcji.<\/p>\n\n\n\n<p>Poni\u017cej relacja z rozk\u0142adania.<\/p>\n\n\n\n<figure class=\"wp-block-embed is-type-wp-embed is-provider-ogrod-to-las wp-block-embed-ogrod-to-las\"><div class=\"wp-block-embed__wrapper\">\n<blockquote class=\"wp-embedded-content\" data-secret=\"MdQJTMipre\"><a href=\"https:\/\/ogrodtolas.pl\/index.php\/2021\/02\/21\/tunel-foliowy\/\">Tunel foliowy.<\/a><\/blockquote><iframe loading=\"lazy\" class=\"wp-embedded-content\" sandbox=\"allow-scripts\" security=\"restricted\" style=\"position: absolute; visibility: hidden;\" title=\"&#8222;Tunel foliowy.&#8221; &#8212; Ogr\u00f3d to las\" src=\"https:\/\/ogrodtolas.pl\/index.php\/2021\/02\/21\/tunel-foliowy\/embed\/#?secret=dZlTUA61oW#?secret=MdQJTMipre\" data-secret=\"MdQJTMipre\" width=\"500\" height=\"282\" frameborder=\"0\" marginwidth=\"0\" marginheight=\"0\" scrolling=\"no\"><\/iframe>\n<\/div><figcaption>Konstrukcja sk\u0142ada si\u0119 ze metalowych rurek tworz\u0105cych stela\u017c oraz dopasowanej foli do na\u0142o\u017cenia na gotow\u0105 konstrukcj\u0119. Z jednej strony zasuwane na zamki wej\u015bcie oraz po trzy okienka z siatki z bok\u00f3w namiotu. Od jednej strony niestety nie ma ani okna, ani drzwi ..<\/figcaption><\/figure>\n\n\n\n<p>Ca\u0142o\u015b\u0107 jest nies\u0142ychanie lekka oraz krucha. W celu wzmocnienia oraz stabilizacji producent przewidzia\u0142 zak\u0142adki na dole do wkopania w ziemi\u0119 oraz linki z ka\u017cdego rogu.<\/p>\n\n\n\n<p>Poni\u017cej, wi\u0119cej szczeg\u00f3\u0142\u00f3w, jak to wygl\u0105da\u0142o <\/p>\n\n\n\n<p><blockquote class=\"wp-embedded-content\" data-secret=\"HiD7CJeqta\"><a href=\"https:\/\/ogrodtolas.pl\/index.php\/2021\/03\/01\/tunel-foliowy-cd\/\">Tunel foliowy cd.<\/a><\/blockquote><iframe loading=\"lazy\" class=\"wp-embedded-content\" sandbox=\"allow-scripts\" security=\"restricted\" style=\"position: absolute; visibility: hidden;\" title=\"&#8222;Tunel foliowy cd.&#8221; &#8212; Ogr\u00f3d to las\" src=\"https:\/\/ogrodtolas.pl\/index.php\/2021\/03\/01\/tunel-foliowy-cd\/embed\/#?secret=xjLyLeSYrO#?secret=HiD7CJeqta\" data-secret=\"HiD7CJeqta\" width=\"500\" height=\"282\" frameborder=\"0\" marginwidth=\"0\" marginheight=\"0\" scrolling=\"no\"><\/iframe><\/p>\n\n\n\n<p>Wiele opinii wskazuje w\u0142a\u015bnie na delikatno\u015b\u0107 tego typu rozwi\u0105za\u0144. Widzia\u0142em kilka zdj\u0119\u0107 co wiatr potrafi zrobi\u0107 z takim namiocikiem. U mnie na szcz\u0119\u015bcie nie dosz\u0142o do katastrofy. Nale\u017cy starannie podkopa\u0107 z ka\u017cdej strony oraz umie\u015bci\u0107 foliaka w miejscu ods\u0142oni\u0119tym od wiatru. Zdecydowanie nie polecam stawiania go na otwartej przestrzeni.<\/p>\n\n\n\n<figure class=\"wp-block-image size-large\"><img loading=\"lazy\" decoding=\"async\" width=\"1024\" height=\"576\" src=\"https:\/\/ogrodtolas.pl\/wp-content\/uploads\/2021\/11\/20210609_174816-1024x576.jpg\" alt=\"\" class=\"wp-image-550\" srcset=\"https:\/\/ogrodtolas.pl\/wp-content\/uploads\/2021\/11\/20210609_174816-1024x576.jpg 1024w, https:\/\/ogrodtolas.pl\/wp-content\/uploads\/2021\/11\/20210609_174816-300x169.jpg 300w, https:\/\/ogrodtolas.pl\/wp-content\/uploads\/2021\/11\/20210609_174816-768x432.jpg 768w, https:\/\/ogrodtolas.pl\/wp-content\/uploads\/2021\/11\/20210609_174816-1536x864.jpg 1536w, https:\/\/ogrodtolas.pl\/wp-content\/uploads\/2021\/11\/20210609_174816-2048x1152.jpg 2048w\" sizes=\"auto, (max-width: 1024px) 100vw, 1024px\" \/><\/figure>\n\n\n\n<p>W \u015brodku zmie\u015bci\u0142o si\u0119 12 du\u017cych krzak\u00f3w pomidora, troch\u0119 bobu, groszku, sa\u0142aty. Ca\u0142kiem nie\u017ale jak na amatorsk\u0105 upraw\u0119.<\/p>\n\n\n\n<figure class=\"wp-block-image size-large\"><img loading=\"lazy\" decoding=\"async\" width=\"1024\" height=\"576\" src=\"https:\/\/ogrodtolas.pl\/wp-content\/uploads\/2021\/11\/20211030_165733-1024x576.jpg\" alt=\"\" class=\"wp-image-551\" srcset=\"https:\/\/ogrodtolas.pl\/wp-content\/uploads\/2021\/11\/20211030_165733-1024x576.jpg 1024w, https:\/\/ogrodtolas.pl\/wp-content\/uploads\/2021\/11\/20211030_165733-300x169.jpg 300w, https:\/\/ogrodtolas.pl\/wp-content\/uploads\/2021\/11\/20211030_165733-768x432.jpg 768w, https:\/\/ogrodtolas.pl\/wp-content\/uploads\/2021\/11\/20211030_165733-1536x864.jpg 1536w, https:\/\/ogrodtolas.pl\/wp-content\/uploads\/2021\/11\/20211030_165733-2048x1152.jpg 2048w\" sizes=\"auto, (max-width: 1024px) 100vw, 1024px\" \/><\/figure>\n\n\n\n<p>Z boku oraz od przodu ogrodzenie oraz winoro\u015bl skutecznie chroni\u0142y przed wiatrami oraz przegrzaniem w letnim s\u0142o\u0144cu.<\/p>\n\n\n\n<p>To co uwa\u017cam za kiepskie rozwi\u0105zanie to brak okna od frontu, a co za tym idzie s\u0142aba cyrkulacja powietrza. Konsekwencj\u0105 tego by\u0142o kiszenie si\u0119 wszystkiego w \u015brodku, co z kolei doprowadzi\u0142o do gnicia pomidor\u00f3w, zw\u0142aszcza na sam koniec, kiedy temperatura w nocy nie by\u0142a ju\u017c taka wysoka.  <\/p>\n\n\n\n<figure class=\"wp-block-image size-large\"><img loading=\"lazy\" decoding=\"async\" width=\"576\" height=\"1024\" src=\"https:\/\/ogrodtolas.pl\/wp-content\/uploads\/2021\/11\/20211016_111743-576x1024.jpg\" alt=\"\" class=\"wp-image-553\" srcset=\"https:\/\/ogrodtolas.pl\/wp-content\/uploads\/2021\/11\/20211016_111743-576x1024.jpg 576w, https:\/\/ogrodtolas.pl\/wp-content\/uploads\/2021\/11\/20211016_111743-169x300.jpg 169w, https:\/\/ogrodtolas.pl\/wp-content\/uploads\/2021\/11\/20211016_111743-768x1365.jpg 768w, https:\/\/ogrodtolas.pl\/wp-content\/uploads\/2021\/11\/20211016_111743-864x1536.jpg 864w, https:\/\/ogrodtolas.pl\/wp-content\/uploads\/2021\/11\/20211016_111743-1152x2048.jpg 1152w, https:\/\/ogrodtolas.pl\/wp-content\/uploads\/2021\/11\/20211016_111743-scaled.jpg 1440w\" sizes=\"auto, (max-width: 576px) 100vw, 576px\" \/><\/figure>\n\n\n\n<p>Poprowadzi\u0142em te\u017c nawadnianie kropelkowe, zasilane z du\u017cej beczki podstawionej pod rynn\u0105. Pomys\u0142 nie najgorszy, jednak trzeba bra\u0107 poprawk\u0119 na d\u0142ugo\u015b\u0107 oraz delikatno\u015b\u0107 systemu, kt\u00f3ry w moim przypadku tez nie by\u0142 drogi. Nie przewidzia\u0142em te\u017c du\u017cej ilo\u015bci brudu sp\u0142ywaj\u0105cego z dachu, kt\u00f3ry z kolei zapycha dziurki przez kt\u00f3re leje si\u0119 woda. Efektem tego jest to, \u017ce pod koniec ma\u0142o co kapie. A je\u015bli posiada si\u0119 psa to musimy si\u0119 tez liczy\u0107 z dziurami od z\u0119b\u00f3w w gorzej zabezpieczonych miejscach. Dotyczy to zar\u00f3wno foli jak i rurek od nawodnienia. <\/p>\n\n\n\n<p>Podsumowuj\u0105c:<\/p>\n\n\n\n<p>+ Plusy<\/p>\n\n\n\n<ul class=\"wp-block-list\"><li>cena<\/li><li>\u0142atwo\u015b\u0107 roz\u0142o\u017cenia<\/li><li>\u0142atwo\u015b\u0107 naprawy<\/li><\/ul>\n\n\n\n<p>&#8211; minusy<\/p>\n\n\n\n<ul class=\"wp-block-list\"><li>krucho\u015b\u0107<\/li><li>s\u0142aba cyrkulacja powietrza<\/li><li>s\u0142aba izolacja<\/li><\/ul>\n\n\n\n<p><\/p>\n\n\n\n<p>Wydaje mi si\u0119 jednak, \u017ce b\u0119d\u0119 w stanie naprawi\u0107 to co si\u0119 da. Spr\u00f3buje zrobi\u0107 dodatkowe okno od frontu za pomoc\u0105 sporej ilo\u015bci ta\u015bmy naprawczej oraz starego inspektu foliowego.<\/p>\n\n\n\n<p>W czasie zimnych dni wydaje mi si\u0119, \u017ce folia ma za s\u0142ab\u0105 izolacj\u0119 co z kolei uda mi si\u0119 by\u0107 mo\u017ce poprawi\u0107 za pomoc\u0105 du\u017cej ilo\u015bci foli b\u0105belkowej podklejonej od wewn\u0105trz.<\/p>\n\n\n\n<p>Zobaczymy w czasie kolejnego sezonu \ud83d\ude42 Zima nadchodzi, a z ni\u0105 czas na odpoczynek dla ro\u015blin oraz na przemy\u015blenie plan\u00f3w na nowy rok&#8230;<\/p>\n","protected":false},"excerpt":{"rendered":"<p>Po pierwszym sezonie uprawy w namiocie foliowym za 300 z\u0142 mog\u0119 pokusi\u0107 si\u0119 o pewne wnioski i refleksje. Kupiony na pocz\u0105tku lutego 2021 tunel o wymiarach 2m x 3,5 m o powierzchni 7m2. Czy&#46;&#46;&#46;<\/p>\n","protected":false},"author":1,"featured_media":0,"comment_status":"open","ping_status":"open","sticky":false,"template":"","format":"standard","meta":{"footnotes":""},"categories":[9],"tags":[],"class_list":["post-542","post","type-post","status-publish","format-standard","hentry","category-blog"],"_links":{"self":[{"href":"https:\/\/ogrodtolas.pl\/index.php\/wp-json\/wp\/v2\/posts\/542","targetHints":{"allow":["GET"]}}],"collection":[{"href":"https:\/\/ogrodtolas.pl\/index.php\/wp-json\/wp\/v2\/posts"}],"about":[{"href":"https:\/\/ogrodtolas.pl\/index.php\/wp-json\/wp\/v2\/types\/post"}],"author":[{"embeddable":true,"href":"https:\/\/ogrodtolas.pl\/index.php\/wp-json\/wp\/v2\/users\/1"}],"replies":[{"embeddable":true,"href":"https:\/\/ogrodtolas.pl\/index.php\/wp-json\/wp\/v2\/comments?post=542"}],"version-history":[{"count":16,"href":"https:\/\/ogrodtolas.pl\/index.php\/wp-json\/wp\/v2\/posts\/542\/revisions"}],"predecessor-version":[{"id":561,"href":"https:\/\/ogrodtolas.pl\/index.php\/wp-json\/wp\/v2\/posts\/542\/revisions\/561"}],"wp:attachment":[{"href":"https:\/\/ogrodtolas.pl\/index.php\/wp-json\/wp\/v2\/media?parent=542"}],"wp:term":[{"taxonomy":"category","embeddable":true,"href":"https:\/\/ogrodtolas.pl\/index.php\/wp-json\/wp\/v2\/categories?post=542"},{"taxonomy":"post_tag","embeddable":true,"href":"https:\/\/ogrodtolas.pl\/index.php\/wp-json\/wp\/v2\/tags?post=542"}],"curies":[{"name":"wp","href":"https:\/\/api.w.org\/{rel}","templated":true}]}}