{"id":674,"date":"2025-07-25T11:44:44","date_gmt":"2025-07-25T09:44:44","guid":{"rendered":"https:\/\/ogrodtolas.pl\/?p=674"},"modified":"2025-07-25T11:44:44","modified_gmt":"2025-07-25T09:44:44","slug":"roze-okrywowe-uprawa-w-przydomowym-ogrodzie","status":"publish","type":"post","link":"https:\/\/ogrodtolas.pl\/index.php\/2025\/07\/25\/roze-okrywowe-uprawa-w-przydomowym-ogrodzie\/","title":{"rendered":"R\u00f3\u017ce okrywowe \u2013 uprawa w przydomowym ogrodzie"},"content":{"rendered":"\n<figure class=\"wp-block-image size-large\"><img loading=\"lazy\" decoding=\"async\" width=\"769\" height=\"1024\" src=\"https:\/\/ogrodtolas.pl\/wp-content\/uploads\/2025\/07\/IMG_20250618_184033437_MF_PORTRAIT-769x1024.jpg\" alt=\"\" class=\"wp-image-675\" srcset=\"https:\/\/ogrodtolas.pl\/wp-content\/uploads\/2025\/07\/IMG_20250618_184033437_MF_PORTRAIT-769x1024.jpg 769w, https:\/\/ogrodtolas.pl\/wp-content\/uploads\/2025\/07\/IMG_20250618_184033437_MF_PORTRAIT-225x300.jpg 225w, https:\/\/ogrodtolas.pl\/wp-content\/uploads\/2025\/07\/IMG_20250618_184033437_MF_PORTRAIT-768x1023.jpg 768w, https:\/\/ogrodtolas.pl\/wp-content\/uploads\/2025\/07\/IMG_20250618_184033437_MF_PORTRAIT-1153x1536.jpg 1153w, https:\/\/ogrodtolas.pl\/wp-content\/uploads\/2025\/07\/IMG_20250618_184033437_MF_PORTRAIT-1538x2048.jpg 1538w, https:\/\/ogrodtolas.pl\/wp-content\/uploads\/2025\/07\/IMG_20250618_184033437_MF_PORTRAIT-scaled.jpg 1922w\" sizes=\"auto, (max-width: 769px) 100vw, 769px\" \/><\/figure>\n\n\n\n<p>Dlaczego warto?<\/p>\n\n\n\n<p>Kwitn\u0105 d\u0142ugo i obficie \u2013 cz\u0119sto od czerwca a\u017c do pa\u017adziernika.<\/p>\n\n\n\n<p>Pokrywaj\u0105 gleb\u0119 g\u0119sto i szczelnie \u2013 ograniczaj\u0105 wzrost chwast\u00f3w.<\/p>\n\n\n\n<p>S\u0105 mrozoodporne, odporne na choroby i \u0142atwe w piel\u0119gnacji.<\/p>\n\n\n\n<p>Dobrze wygl\u0105daj\u0105 na rabatach, skarpach, wzd\u0142u\u017c \u015bcie\u017cek i ogrodze\u0144.<\/p>\n\n\n\n<p>Stanowisko<\/p>\n\n\n\n<p>S\u0142oneczne \u2013 minimum 6 godzin \u015bwiat\u0142a dziennie.<\/p>\n\n\n\n<p>Lekki p\u00f3\u0142cie\u0144 jest tolerowany, ale mo\u017ce ograniczy\u0107 kwitnienie.<\/p>\n\n\n\n<p>Os\u0142oni\u0119te od silnych wiatr\u00f3w \u2013 p\u0105ki mog\u0105 si\u0119 \u0142ama\u0107 przy wietrznej pogodzie.<\/p>\n\n\n\n<p>Gleba<\/p>\n\n\n\n<p>Najlepiej: \u017cyzna, pr\u00f3chnicza, przepuszczalna, o odczynie lekko kwa\u015bnym do oboj\u0119tnego (pH 6,0\u20137,0).<\/p>\n\n\n\n<p>Dobrze rosn\u0105 te\u017c na glebach przeci\u0119tnych, byle nie podmok\u0142ych.<\/p>\n\n\n\n<p>Przed sadzeniem warto gleb\u0119 wzbogaci\u0107 kompostem lub obornikiem.<\/p>\n\n\n\n<p>Sadzenie<\/p>\n\n\n\n<p>Najlepszy czas: wiosna (marzec\u2013maj) lub jesie\u0144 (wrzesie\u0144\u2013pa\u017adziernik).<\/p>\n\n\n\n<p>Odst\u0119py: 40\u201360 cm mi\u0119dzy krzewami (zale\u017cnie od odmiany).<\/p>\n\n\n\n<p>Do\u0142ek: 30\u201340 cm g\u0142\u0119boko\u015bci, korzenie powinny si\u0119 swobodnie mie\u015bci\u0107.<\/p>\n\n\n\n<p>Szyjka korzeniowa powinna by\u0107 kilka cm poni\u017cej powierzchni ziemi.<\/p>\n\n\n\n<p>Podlewanie<\/p>\n\n\n\n<p>Regularne podlewanie po posadzeniu (pierwsze tygodnie).<\/p>\n\n\n\n<p>P\u00f3\u017aniej tylko podczas d\u0142ugotrwa\u0142ych susz.<\/p>\n\n\n\n<p>Nie zraszaj li\u015bci \u2013 podlewaj przy ziemi, by unikn\u0105\u0107 chor\u00f3b grzybowych.<\/p>\n\n\n\n<p>Ci\u0119cie<\/p>\n\n\n\n<p>Wiosn\u0105: przyci\u0105\u0107 suche i s\u0142abe p\u0119dy, skr\u00f3ci\u0107 reszt\u0119 o 1\/3 lub 1\/2.<\/p>\n\n\n\n<p>Przez sezon: mo\u017cna usuwa\u0107 przekwit\u0142e kwiaty, aby pobudza\u0107 do ponownego kwitnienia.<\/p>\n\n\n\n<p>Co kilka lat (3\u20134): odm\u0142adzaj\u0105ce ci\u0119cie przy ziemi.<\/p>\n\n\n\n<p>Nawo\u017cenie<\/p>\n\n\n\n<p>Wiosn\u0105: naw\u00f3z do r\u00f3\u017c lub kompost.<\/p>\n\n\n\n<p>W czerwcu\/lipcu: mo\u017cna powt\u00f3rzy\u0107 nawo\u017cenie dla przed\u0142u\u017cenia kwitnienia.<\/p>\n\n\n\n<p>Od sierpnia nie nawozi\u0107 azotem, by nie pobudza\u0107 nowych p\u0119d\u00f3w przed zim\u0105.<\/p>\n\n\n\n<p>Choroby i szkodniki<\/p>\n\n\n\n<p>R\u00f3\u017ce okrywowe s\u0105 odporne, ale warto uwa\u017ca\u0107 na:<\/p>\n\n\n\n<p>m\u0105czniaka prawdziwego<\/p>\n\n\n\n<p>czarn\u0105 plamisto\u015b\u0107 li\u015bci<\/p>\n\n\n\n<p>mszyce (zw\u0142aszcza wiosn\u0105)<\/p>\n\n\n\n<p>Profilaktycznie mo\u017cna stosowa\u0107 wyci\u0105gi z pokrzywy, skrzypu, czosnku.<\/p>\n\n\n\n<p>Zimowanie<\/p>\n\n\n\n<p>W wi\u0119kszo\u015bci przypadk\u00f3w nie wymagaj\u0105 okrywania.<\/p>\n\n\n\n<p>M\u0142ode sadzonki (1. zima) warto lekko podsypa\u0107 kopczykiem ziemi lub kory.<\/p>\n\n\n\n<p>Zastosowanie w ogrodzie<\/p>\n\n\n\n<p>Rabaty przydomowe<\/p>\n\n\n\n<p>Skarpy i murki (jako ro\u015bliny zadarniaj\u0105ce)<\/p>\n\n\n\n<p>Wzd\u0142u\u017c \u015bcie\u017cek, ogrodze\u0144, mur\u00f3w<\/p>\n\n\n\n<p>W pojemnikach na tarasach i balkonach (ni\u017csze odmiany.)<\/p>\n\n\n\n<figure class=\"wp-block-image size-large\"><img loading=\"lazy\" decoding=\"async\" width=\"769\" height=\"1024\" src=\"https:\/\/ogrodtolas.pl\/wp-content\/uploads\/2025\/07\/IMG_20250618_184027633_MF_PORTRAIT-769x1024.jpg\" alt=\"\" class=\"wp-image-676\" srcset=\"https:\/\/ogrodtolas.pl\/wp-content\/uploads\/2025\/07\/IMG_20250618_184027633_MF_PORTRAIT-769x1024.jpg 769w, https:\/\/ogrodtolas.pl\/wp-content\/uploads\/2025\/07\/IMG_20250618_184027633_MF_PORTRAIT-225x300.jpg 225w, https:\/\/ogrodtolas.pl\/wp-content\/uploads\/2025\/07\/IMG_20250618_184027633_MF_PORTRAIT-768x1023.jpg 768w, https:\/\/ogrodtolas.pl\/wp-content\/uploads\/2025\/07\/IMG_20250618_184027633_MF_PORTRAIT-1153x1536.jpg 1153w, https:\/\/ogrodtolas.pl\/wp-content\/uploads\/2025\/07\/IMG_20250618_184027633_MF_PORTRAIT-1538x2048.jpg 1538w, https:\/\/ogrodtolas.pl\/wp-content\/uploads\/2025\/07\/IMG_20250618_184027633_MF_PORTRAIT-scaled.jpg 1922w\" sizes=\"auto, (max-width: 769px) 100vw, 769px\" \/><\/figure>\n\n\n\n<p><\/p>\n","protected":false},"excerpt":{"rendered":"<p>Dlaczego warto? Kwitn\u0105 d\u0142ugo i obficie \u2013 cz\u0119sto od czerwca a\u017c do pa\u017adziernika. Pokrywaj\u0105 gleb\u0119 g\u0119sto i szczelnie \u2013 ograniczaj\u0105 wzrost chwast\u00f3w. S\u0105 mrozoodporne, odporne na choroby i \u0142atwe w piel\u0119gnacji. Dobrze wygl\u0105daj\u0105 na&#46;&#46;&#46;<\/p>\n","protected":false},"author":1,"featured_media":0,"comment_status":"open","ping_status":"open","sticky":false,"template":"","format":"standard","meta":{"footnotes":""},"categories":[9,21],"tags":[],"class_list":["post-674","post","type-post","status-publish","format-standard","hentry","category-blog","category-kwiaty"],"_links":{"self":[{"href":"https:\/\/ogrodtolas.pl\/index.php\/wp-json\/wp\/v2\/posts\/674","targetHints":{"allow":["GET"]}}],"collection":[{"href":"https:\/\/ogrodtolas.pl\/index.php\/wp-json\/wp\/v2\/posts"}],"about":[{"href":"https:\/\/ogrodtolas.pl\/index.php\/wp-json\/wp\/v2\/types\/post"}],"author":[{"embeddable":true,"href":"https:\/\/ogrodtolas.pl\/index.php\/wp-json\/wp\/v2\/users\/1"}],"replies":[{"embeddable":true,"href":"https:\/\/ogrodtolas.pl\/index.php\/wp-json\/wp\/v2\/comments?post=674"}],"version-history":[{"count":1,"href":"https:\/\/ogrodtolas.pl\/index.php\/wp-json\/wp\/v2\/posts\/674\/revisions"}],"predecessor-version":[{"id":677,"href":"https:\/\/ogrodtolas.pl\/index.php\/wp-json\/wp\/v2\/posts\/674\/revisions\/677"}],"wp:attachment":[{"href":"https:\/\/ogrodtolas.pl\/index.php\/wp-json\/wp\/v2\/media?parent=674"}],"wp:term":[{"taxonomy":"category","embeddable":true,"href":"https:\/\/ogrodtolas.pl\/index.php\/wp-json\/wp\/v2\/categories?post=674"},{"taxonomy":"post_tag","embeddable":true,"href":"https:\/\/ogrodtolas.pl\/index.php\/wp-json\/wp\/v2\/tags?post=674"}],"curies":[{"name":"wp","href":"https:\/\/api.w.org\/{rel}","templated":true}]}}