{"id":685,"date":"2025-07-27T14:54:03","date_gmt":"2025-07-27T12:54:03","guid":{"rendered":"https:\/\/ogrodtolas.pl\/?p=685"},"modified":"2025-07-27T14:54:03","modified_gmt":"2025-07-27T12:54:03","slug":"mak-polny","status":"publish","type":"post","link":"https:\/\/ogrodtolas.pl\/index.php\/2025\/07\/27\/mak-polny\/","title":{"rendered":"Mak polny"},"content":{"rendered":"\n<figure class=\"wp-block-image size-large\"><img loading=\"lazy\" decoding=\"async\" width=\"769\" height=\"1024\" src=\"https:\/\/ogrodtolas.pl\/wp-content\/uploads\/2025\/07\/IMG_20250609_183744086_MF_PORTRAIT-769x1024.jpg\" alt=\"\" class=\"wp-image-686\" srcset=\"https:\/\/ogrodtolas.pl\/wp-content\/uploads\/2025\/07\/IMG_20250609_183744086_MF_PORTRAIT-769x1024.jpg 769w, https:\/\/ogrodtolas.pl\/wp-content\/uploads\/2025\/07\/IMG_20250609_183744086_MF_PORTRAIT-225x300.jpg 225w, https:\/\/ogrodtolas.pl\/wp-content\/uploads\/2025\/07\/IMG_20250609_183744086_MF_PORTRAIT-768x1023.jpg 768w, https:\/\/ogrodtolas.pl\/wp-content\/uploads\/2025\/07\/IMG_20250609_183744086_MF_PORTRAIT-1153x1536.jpg 1153w, https:\/\/ogrodtolas.pl\/wp-content\/uploads\/2025\/07\/IMG_20250609_183744086_MF_PORTRAIT-1538x2048.jpg 1538w, https:\/\/ogrodtolas.pl\/wp-content\/uploads\/2025\/07\/IMG_20250609_183744086_MF_PORTRAIT-scaled.jpg 1922w\" sizes=\"auto, (max-width: 769px) 100vw, 769px\" \/><\/figure>\n\n\n\n<p><\/p>\n\n\n\n<p>\u0141aci\u0144ska nazwa: Papaver rhoeas<\/p>\n\n\n\n<p>Rodzina: makowate (Papaveraceae)<\/p>\n\n\n\n<p>Wysoko\u015b\u0107: 30\u201380 cm<\/p>\n\n\n\n<p>Kwitnienie: od maja do lipca (czasem nawet do sierpnia)<\/p>\n\n\n\n<p>Kwiaty: intensywnie czerwone (rzadziej r\u00f3\u017cowe lub bia\u0142e), z czarnym \u015brodkiem<\/p>\n\n\n\n<p>Li\u015bcie: pierzaste, ow\u0142osione, szarozielone<\/p>\n\n\n\n<p>\u0141odyga: delikatna, ow\u0142osiona, \u0142atwo si\u0119 \u0142amie<\/p>\n\n\n\n<p>Owoce: charakterystyczna torebka nasienna z otworkami pod wieczkiem \u2013 wysiewa si\u0119 sama<\/p>\n\n\n\n<p>Uprawa maku polnego<\/p>\n\n\n\n<p>Cho\u0107 to ro\u015blina dziko rosn\u0105ca, \u0142atwo j\u0105 te\u017c uprawia\u0107 w ogrodzie:<\/p>\n\n\n\n<p>\ud83d\udd38 Siew<\/p>\n\n\n\n<p>Termin: wczesna wiosna lub jesie\u0144 (jesienny siew daje wcze\u015bniejsze kwitnienie)<\/p>\n\n\n\n<p>Spos\u00f3b: siej bezpo\u015brednio do gruntu \u2013 nasion nie przykrywaj ziemi\u0105 (potrzebuj\u0105 \u015bwiat\u0142a do kie\u0142kowania)<\/p>\n\n\n\n<p>Rozstaw: do\u015b\u0107 lu\u017any \u2013 ro\u015bliny nie lubi\u0105 \u015bcisku<\/p>\n\n\n\n<p>\ud83d\udd38 Stanowisko<\/p>\n\n\n\n<p>S\u0142o\u0144ce: pe\u0142ne \u2013 im wi\u0119cej \u015bwiat\u0142a, tym wi\u0119cej kwiat\u00f3w<\/p>\n\n\n\n<p>Gleba: przepuszczalna, lekka, uboga w sk\u0142adniki \u2013 maki nie lubi\u0105 nawo\u017cenia<\/p>\n\n\n\n<p>\ud83d\udd38 Piel\u0119gnacja<\/p>\n\n\n\n<p>nie wymagaj\u0105 podlewania (chyba \u017ce jest d\u0142uga susza),<\/p>\n\n\n\n<p>nie znosz\u0105 przesadzania \u2013 maj\u0105 delikatny korze\u0144 palowy,<\/p>\n\n\n\n<p>s\u0105 odporne na choroby i szkodniki,<\/p>\n\n\n\n<p>po przekwitni\u0119ciu mo\u017cna zostawi\u0107 je do samoistnego rozsiewu.<\/p>\n\n\n\n<p>Zastosowanie<\/p>\n\n\n\n<p>W ogrodzie: jako ro\u015blina ozdobna na rabaty, \u0142\u0105ki kwietne, naturalistyczne ogrody<\/p>\n\n\n\n<p>W bukietach: trudne do ci\u0119cia \u2013 szybko wi\u0119dn\u0105, ale efektowne<\/p>\n\n\n\n<p>W edukacji: u\u017cywane w szko\u0142ach i projektach przyrodniczych<\/p>\n\n\n\n<p>Symbolicznie:<\/p>\n\n\n\n<p>w wielu krajach symbol pami\u0119ci o poleg\u0142ych \u017co\u0142nierzach (zw\u0142aszcza 11 listopada \u2013 \u201eRemembrance Day\u201d w Wielkiej Brytanii)<\/p>\n\n\n\n<p>w Polsce pojawiaj\u0105 si\u0119 w literaturze i poezji jako symbol przemijania i pi\u0119kna natury<\/p>\n\n\n\n<p>Uwaga<\/p>\n\n\n\n<p>Mak polny nie jest tym samym co mak lekarski (Papaver somniferum), z kt\u00f3rego wytwarza si\u0119 opium. Mak polny nie zawiera substancji narkotycznych.<\/p>\n","protected":false},"excerpt":{"rendered":"<p>\u0141aci\u0144ska nazwa: Papaver rhoeas Rodzina: makowate (Papaveraceae) Wysoko\u015b\u0107: 30\u201380 cm Kwitnienie: od maja do lipca (czasem nawet do sierpnia) Kwiaty: intensywnie czerwone (rzadziej r\u00f3\u017cowe lub bia\u0142e), z czarnym \u015brodkiem Li\u015bcie: pierzaste, ow\u0142osione, szarozielone \u0141odyga:&#46;&#46;&#46;<\/p>\n","protected":false},"author":1,"featured_media":0,"comment_status":"open","ping_status":"open","sticky":false,"template":"","format":"standard","meta":{"footnotes":""},"categories":[9,21],"tags":[],"class_list":["post-685","post","type-post","status-publish","format-standard","hentry","category-blog","category-kwiaty"],"_links":{"self":[{"href":"https:\/\/ogrodtolas.pl\/index.php\/wp-json\/wp\/v2\/posts\/685","targetHints":{"allow":["GET"]}}],"collection":[{"href":"https:\/\/ogrodtolas.pl\/index.php\/wp-json\/wp\/v2\/posts"}],"about":[{"href":"https:\/\/ogrodtolas.pl\/index.php\/wp-json\/wp\/v2\/types\/post"}],"author":[{"embeddable":true,"href":"https:\/\/ogrodtolas.pl\/index.php\/wp-json\/wp\/v2\/users\/1"}],"replies":[{"embeddable":true,"href":"https:\/\/ogrodtolas.pl\/index.php\/wp-json\/wp\/v2\/comments?post=685"}],"version-history":[{"count":1,"href":"https:\/\/ogrodtolas.pl\/index.php\/wp-json\/wp\/v2\/posts\/685\/revisions"}],"predecessor-version":[{"id":687,"href":"https:\/\/ogrodtolas.pl\/index.php\/wp-json\/wp\/v2\/posts\/685\/revisions\/687"}],"wp:attachment":[{"href":"https:\/\/ogrodtolas.pl\/index.php\/wp-json\/wp\/v2\/media?parent=685"}],"wp:term":[{"taxonomy":"category","embeddable":true,"href":"https:\/\/ogrodtolas.pl\/index.php\/wp-json\/wp\/v2\/categories?post=685"},{"taxonomy":"post_tag","embeddable":true,"href":"https:\/\/ogrodtolas.pl\/index.php\/wp-json\/wp\/v2\/tags?post=685"}],"curies":[{"name":"wp","href":"https:\/\/api.w.org\/{rel}","templated":true}]}}