{"id":694,"date":"2025-08-01T20:51:08","date_gmt":"2025-08-01T18:51:08","guid":{"rendered":"https:\/\/ogrodtolas.pl\/?p=694"},"modified":"2025-08-01T20:51:09","modified_gmt":"2025-08-01T18:51:09","slug":"jezyna","status":"publish","type":"post","link":"https:\/\/ogrodtolas.pl\/index.php\/2025\/08\/01\/jezyna\/","title":{"rendered":"Je\u017cyna"},"content":{"rendered":"\n<figure class=\"wp-block-image size-large\"><img loading=\"lazy\" decoding=\"async\" width=\"576\" height=\"1024\" src=\"https:\/\/ogrodtolas.pl\/wp-content\/uploads\/2025\/08\/IMG_20250801_093204_254-576x1024.webp\" alt=\"\" class=\"wp-image-695\" srcset=\"https:\/\/ogrodtolas.pl\/wp-content\/uploads\/2025\/08\/IMG_20250801_093204_254-576x1024.webp 576w, https:\/\/ogrodtolas.pl\/wp-content\/uploads\/2025\/08\/IMG_20250801_093204_254-169x300.webp 169w, https:\/\/ogrodtolas.pl\/wp-content\/uploads\/2025\/08\/IMG_20250801_093204_254-768x1365.webp 768w, https:\/\/ogrodtolas.pl\/wp-content\/uploads\/2025\/08\/IMG_20250801_093204_254-864x1536.webp 864w, https:\/\/ogrodtolas.pl\/wp-content\/uploads\/2025\/08\/IMG_20250801_093204_254.webp 1080w\" sizes=\"auto, (max-width: 576px) 100vw, 576px\" \/><\/figure>\n\n\n\n<p>Je\u017cyna (Rubus fruticosus) to ro\u015blina wieloletnia, kt\u00f3ra odwdzi\u0119cza si\u0119 obfitymi zbiorami s\u0142odkich owoc\u00f3w. Uprawiana w ogrodzie, mo\u017ce pe\u0142ni\u0107 nie tylko funkcj\u0119 u\u017cytkow\u0105, ale te\u017c ozdobn\u0105 \u2014 szczeg\u00f3lnie odmiany bezkolcowe. Wymaga jednak odpowiednich warunk\u00f3w i piel\u0119gnacji.<\/p>\n\n\n\n<p>Stanowisko i gleba<\/p>\n\n\n\n<p>S\u0142o\u0144ce: Je\u017cyny najlepiej owocuj\u0105 w miejscach dobrze nas\u0142onecznionych.<\/p>\n\n\n\n<p>Ochrona przed wiatrem: Silny wiatr mo\u017ce \u0142ama\u0107 p\u0119dy i wysusza\u0107 ro\u015bliny \u2013 warto sadzi\u0107 je przy p\u0142ocie, \u015bcianie lub pergoli.<\/p>\n\n\n\n<p>Gleba: Przepuszczalna, \u017cyzna, lekko kwa\u015bna (pH 5,5\u20136,5). Nie znosi ci\u0119\u017ckich, podmok\u0142ych gleb.<\/p>\n\n\n\n<p>Sadzenie<\/p>\n\n\n\n<p>Termin: Wiosn\u0105 lub jesieni\u0105 (najlepiej wrzesie\u0144\u2013pa\u017adziernik).<\/p>\n\n\n\n<p>Rozstawa: 1,5\u20132 m mi\u0119dzy ro\u015blinami, 2\u20133 m mi\u0119dzy rz\u0119dami.<\/p>\n\n\n\n<p>G\u0142\u0119boko\u015b\u0107: Sadzi\u0107 tak, aby szyjka korzeniowa znajdowa\u0142a si\u0119 tu\u017c pod powierzchni\u0105 ziemi.<\/p>\n\n\n\n<p>Odmiany warte uwagi<\/p>\n\n\n\n<p>Bezkolcowe (\u0142atwiejsze w uprawie): 'Navaho&#8217;, 'Loch Ness&#8217;, 'Thornfree&#8217;<\/p>\n\n\n\n<p>Kolczaste (cz\u0119sto bardziej odporne): 'Darrow&#8217;, 'Black Satin&#8217;<\/p>\n\n\n\n<p>Podpory<\/p>\n\n\n\n<p>Je\u017cyny maj\u0105 d\u0142ugie, wiotkie p\u0119dy, kt\u00f3re wymagaj\u0105 podwi\u0105zywania. Najlepiej sprawdza si\u0119 system rusztowa\u0144 lub sznurk\u00f3w rozci\u0105gni\u0119tych mi\u0119dzy s\u0142upkami. To poprawia dost\u0119p \u015bwiat\u0142a i u\u0142atwia zbi\u00f3r owoc\u00f3w.<\/p>\n\n\n\n<p>Podlewanie i nawo\u017cenie<\/p>\n\n\n\n<p>Podlewanie: Regularne, szczeg\u00f3lnie w okresie kwitnienia i dojrzewania owoc\u00f3w. Nie znosi przesuszenia.<\/p>\n\n\n\n<p>Nawo\u017cenie: Wiosn\u0105 naw\u00f3z organiczny (kompost, obornik) lub wielosk\u0142adnikowy naw\u00f3z mineralny z przewag\u0105 potasu i fosforu.<\/p>\n\n\n\n<p>Ci\u0119cie<\/p>\n\n\n\n<p>Po owocowaniu: \u015aci\u0105\u0107 do ziemi wszystkie p\u0119dy, kt\u00f3re ju\u017c owocowa\u0142y \u2013 nie b\u0119d\u0105 ju\u017c przydatne.<\/p>\n\n\n\n<p>Wiosn\u0105: Przerzedzi\u0107 m\u0142ode p\u0119dy \u2013 zostawi\u0107 najsilniejsze (4\u20136 sztuk na krzew).<\/p>\n\n\n\n<p>Choroby i szkodniki<\/p>\n\n\n\n<p>Szara ple\u015b\u0144, rdza je\u017cyny: Unikaj nadmiernego zag\u0119szczenia ro\u015blin i podlewania po li\u015bciach.<\/p>\n\n\n\n<p>Mszyce, prz\u0119dziorki: Mo\u017cna zwalcza\u0107 naturalnymi wyci\u0105gami (np. z pokrzywy) lub \u015brodkami ekologicznymi.<\/p>\n\n\n\n<p>Zbi\u00f3r i przechowywanie<\/p>\n\n\n\n<p>Zbiory: Od lipca do wrze\u015bnia, w zale\u017cno\u015bci od odmiany. Owoce dojrzewaj\u0105 nier\u00f3wnomiernie \u2013 zbiera\u0107 co 2\u20133 dni.<\/p>\n\n\n\n<p>Przechowywanie: Owoce s\u0105 delikatne, najlepiej spo\u017cy\u0107 od razu lub zamrozi\u0107.<\/p>\n\n\n\n<p>Je\u017cyna dobrze komponuje si\u0119 w \u017cywop\u0142otach owocowych, mo\u017ce by\u0107 elementem \u201e\u017cywej \u015bciany\u201d lub obrze\u017ca permakulturowego ogrodu. Przyci\u0105ga owady zapylaj\u0105ce i ptaki, a dzi\u0119ki g\u0119stwinie mo\u017ce s\u0142u\u017cy\u0107 jako naturalna bariera lub schronienie dla dzikich zwierz\u0105t.<\/p>\n","protected":false},"excerpt":{"rendered":"<p>Je\u017cyna (Rubus fruticosus) to ro\u015blina wieloletnia, kt\u00f3ra odwdzi\u0119cza si\u0119 obfitymi zbiorami s\u0142odkich owoc\u00f3w. Uprawiana w ogrodzie, mo\u017ce pe\u0142ni\u0107 nie tylko funkcj\u0119 u\u017cytkow\u0105, ale te\u017c ozdobn\u0105 \u2014 szczeg\u00f3lnie odmiany bezkolcowe. Wymaga jednak odpowiednich warunk\u00f3w i&#46;&#46;&#46;<\/p>\n","protected":false},"author":1,"featured_media":0,"comment_status":"open","ping_status":"open","sticky":false,"template":"","format":"standard","meta":{"footnotes":""},"categories":[9],"tags":[],"class_list":["post-694","post","type-post","status-publish","format-standard","hentry","category-blog"],"_links":{"self":[{"href":"https:\/\/ogrodtolas.pl\/index.php\/wp-json\/wp\/v2\/posts\/694","targetHints":{"allow":["GET"]}}],"collection":[{"href":"https:\/\/ogrodtolas.pl\/index.php\/wp-json\/wp\/v2\/posts"}],"about":[{"href":"https:\/\/ogrodtolas.pl\/index.php\/wp-json\/wp\/v2\/types\/post"}],"author":[{"embeddable":true,"href":"https:\/\/ogrodtolas.pl\/index.php\/wp-json\/wp\/v2\/users\/1"}],"replies":[{"embeddable":true,"href":"https:\/\/ogrodtolas.pl\/index.php\/wp-json\/wp\/v2\/comments?post=694"}],"version-history":[{"count":1,"href":"https:\/\/ogrodtolas.pl\/index.php\/wp-json\/wp\/v2\/posts\/694\/revisions"}],"predecessor-version":[{"id":696,"href":"https:\/\/ogrodtolas.pl\/index.php\/wp-json\/wp\/v2\/posts\/694\/revisions\/696"}],"wp:attachment":[{"href":"https:\/\/ogrodtolas.pl\/index.php\/wp-json\/wp\/v2\/media?parent=694"}],"wp:term":[{"taxonomy":"category","embeddable":true,"href":"https:\/\/ogrodtolas.pl\/index.php\/wp-json\/wp\/v2\/categories?post=694"},{"taxonomy":"post_tag","embeddable":true,"href":"https:\/\/ogrodtolas.pl\/index.php\/wp-json\/wp\/v2\/tags?post=694"}],"curies":[{"name":"wp","href":"https:\/\/api.w.org\/{rel}","templated":true}]}}